{"id":5987,"date":"2025-07-02T17:38:44","date_gmt":"2025-07-02T20:38:44","guid":{"rendered":"https:\/\/radioclubedeinhapim.com.br\/?p=5987"},"modified":"2025-07-02T17:38:44","modified_gmt":"2025-07-02T20:38:44","slug":"vereador-causa-tumulto-em-unidade-hospitalar-e-conduzido-e-se-defende","status":"publish","type":"post","link":"https:\/\/radioclubedeinhapim.com.br\/index.php\/2025\/07\/02\/vereador-causa-tumulto-em-unidade-hospitalar-e-conduzido-e-se-defende\/","title":{"rendered":"Vereador causa tumulto em unidade hospitalar; \u00e9 conduzido e se defende"},"content":{"rendered":"\n<p>O vereador de Manhua\u00e7u, Misrael da Matinha se pronunciou nas redes sociais ap\u00f3s ser detido na noite de 1\u00ba de julho na Unidade de Urg\u00eancia e Emerg\u00eancia do Hospital C\u00e9sar Leite, em Manhua\u00e7u. Segundo a Pol\u00edcia Militar, ele teria invadido a unidade de forma agressiva, tentando acessar \u00e1reas restritas, atrapalhando o trabalho da equipe m\u00e9dica e causando tumulto no atendimento aos pacientes. Ao ser abordado, teria desobedecido \u00e0s ordens dos policiais, sendo necess\u00e1rio refor\u00e7o para cont\u00ea-lo. Ele foi preso e encaminhado \u00e0 Delegacia, conforme nota da PMMG.<\/p>\n\n\n\n<p>Em v\u00eddeo, Misrael explicou que foi at\u00e9 o hospital acompanhar seu pai, que sofria de hipertens\u00e3o. Durante a espera, afirmou ter sido procurado por usu\u00e1rios que reclamavam da demora no atendimento. Ao tentar questionar os profissionais, n\u00e3o teria obtido respostas satisfat\u00f3rias. \u201cO que eu n\u00e3o quero para mim, tamb\u00e9m n\u00e3o quero para os outros\u201d, declarou o vereador, alegando que sua atua\u00e7\u00e3o visava defender a popula\u00e7\u00e3o.<\/p>\n\n\n\n<p>Ele relatou que conversava com pacientes quando foi surpreendido por v\u00e1rios policiais na unidade. Disse que os agentes o acusaram de perturba\u00e7\u00e3o do sossego e desacato, mas nega ter se exaltado. Ap\u00f3s assinar um Termo Circunstanciado de Ocorr\u00eancia (TCO), foi liberado ainda na madrugada. Misrael refor\u00e7ou que continuar\u00e1 atuando da mesma forma, pois acredita estar exercendo seu papel de fiscaliza\u00e7\u00e3o. \u201cEstou aqui para cumprir meu dever e atender a comunidade de Manhua\u00e7u\u201d, concluiu.<\/p>\n","protected":false},"excerpt":{"rendered":"<p>O vereador de Manhua\u00e7u, Misrael da Matinha se pronunciou nas redes sociais ap\u00f3s ser detido na noite de 1\u00ba de julho na Unidade de Urg\u00eancia e Emerg\u00eancia do Hospital C\u00e9sar Leite, em Manhua\u00e7u. Segundo a Pol\u00edcia Militar, ele teria invadido a unidade de forma agressiva, tentando acessar \u00e1reas restritas, atrapalhando o trabalho da equipe m\u00e9dica [&hellip;]<\/p>\n","protected":false},"author":2,"featured_media":5988,"comment_status":"open","ping_status":"open","sticky":false,"template":"","format":"standard","meta":{"footnotes":""},"categories":[5],"tags":[],"class_list":["post-5987","post","type-post","status-publish","format-standard","has-post-thumbnail","hentry","category-noticias"],"wpmagazine_modules_lite_featured_media_urls":{"thumbnail":["https:\/\/radioclubedeinhapim.com.br\/wp-content\/uploads\/2025\/07\/Copia-de-Inserir-um-subtitulo-2025-07-02T173844.200-150x150.jpg",150,150,true],"cvmm-medium":["https:\/\/radioclubedeinhapim.com.br\/wp-content\/uploads\/2025\/07\/Copia-de-Inserir-um-subtitulo-2025-07-02T173844.200-300x300.jpg",300,300,true],"cvmm-medium-plus":["https:\/\/radioclubedeinhapim.com.br\/wp-content\/uploads\/2025\/07\/Copia-de-Inserir-um-subtitulo-2025-07-02T173844.200-305x207.jpg",305,207,true],"cvmm-portrait":["https:\/\/radioclubedeinhapim.com.br\/wp-content\/uploads\/2025\/07\/Copia-de-Inserir-um-subtitulo-2025-07-02T173844.200-400x600.jpg",400,600,true],"cvmm-medium-square":["https:\/\/radioclubedeinhapim.com.br\/wp-content\/uploads\/2025\/07\/Copia-de-Inserir-um-subtitulo-2025-07-02T173844.200-600x600.jpg",600,600,true],"cvmm-large":["https:\/\/radioclubedeinhapim.com.br\/wp-content\/uploads\/2025\/07\/Copia-de-Inserir-um-subtitulo-2025-07-02T173844.200-1024x1024.jpg",1024,1024,true],"cvmm-small":["https:\/\/radioclubedeinhapim.com.br\/wp-content\/uploads\/2025\/07\/Copia-de-Inserir-um-subtitulo-2025-07-02T173844.200-130x95.jpg",130,95,true],"full":["https:\/\/radioclubedeinhapim.com.br\/wp-content\/uploads\/2025\/07\/Copia-de-Inserir-um-subtitulo-2025-07-02T173844.200.jpg",1080,1080,false]},"categories_names":{"5":{"name":"Not\u00edcias","link":"https:\/\/radioclubedeinhapim.com.br\/index.php\/category\/noticias\/"}},"tags_names":[],"comments_number":"0","_links":{"self":[{"href":"https:\/\/radioclubedeinhapim.com.br\/index.php\/wp-json\/wp\/v2\/posts\/5987","targetHints":{"allow":["GET"]}}],"collection":[{"href":"https:\/\/radioclubedeinhapim.com.br\/index.php\/wp-json\/wp\/v2\/posts"}],"about":[{"href":"https:\/\/radioclubedeinhapim.com.br\/index.php\/wp-json\/wp\/v2\/types\/post"}],"author":[{"embeddable":true,"href":"https:\/\/radioclubedeinhapim.com.br\/index.php\/wp-json\/wp\/v2\/users\/2"}],"replies":[{"embeddable":true,"href":"https:\/\/radioclubedeinhapim.com.br\/index.php\/wp-json\/wp\/v2\/comments?post=5987"}],"version-history":[{"count":1,"href":"https:\/\/radioclubedeinhapim.com.br\/index.php\/wp-json\/wp\/v2\/posts\/5987\/revisions"}],"predecessor-version":[{"id":5989,"href":"https:\/\/radioclubedeinhapim.com.br\/index.php\/wp-json\/wp\/v2\/posts\/5987\/revisions\/5989"}],"wp:featuredmedia":[{"embeddable":true,"href":"https:\/\/radioclubedeinhapim.com.br\/index.php\/wp-json\/wp\/v2\/media\/5988"}],"wp:attachment":[{"href":"https:\/\/radioclubedeinhapim.com.br\/index.php\/wp-json\/wp\/v2\/media?parent=5987"}],"wp:term":[{"taxonomy":"category","embeddable":true,"href":"https:\/\/radioclubedeinhapim.com.br\/index.php\/wp-json\/wp\/v2\/categories?post=5987"},{"taxonomy":"post_tag","embeddable":true,"href":"https:\/\/radioclubedeinhapim.com.br\/index.php\/wp-json\/wp\/v2\/tags?post=5987"}],"curies":[{"name":"wp","href":"https:\/\/api.w.org\/{rel}","templated":true}]}}