{"id":6053,"date":"2025-07-07T11:52:08","date_gmt":"2025-07-07T14:52:08","guid":{"rendered":"https:\/\/radioclubedeinhapim.com.br\/?p=6053"},"modified":"2025-07-07T11:52:08","modified_gmt":"2025-07-07T14:52:08","slug":"trump-anuncia-tarifa-adicional-de-10-para-qualquer-pais-que-se-alinhar-as-politicas-do-brics","status":"publish","type":"post","link":"https:\/\/radioclubedeinhapim.com.br\/index.php\/2025\/07\/07\/trump-anuncia-tarifa-adicional-de-10-para-qualquer-pais-que-se-alinhar-as-politicas-do-brics\/","title":{"rendered":"Trump anuncia tarifa adicional de 10% para &#8216;qualquer pa\u00eds que se alinhar \u00e0s pol\u00edticas do Brics&#8217;"},"content":{"rendered":"\n<p>O <a><\/a>presidente dos Estados Unidos, Donald Trump, afirmou neste domingo (6) que ir\u00e1 impor uma tarifa adicional de 10% a qualquer pa\u00eds que &#8220;se alinhar \u00e0s pol\u00edticas antiamericanas do Brics&#8221;. A medida foi anunciada em sua rede Truth Social e, segundo ele, \u201cn\u00e3o haver\u00e1 exce\u00e7\u00f5es\u201d. Trump, no entanto, n\u00e3o especificou quais pa\u00edses seriam afetados, nem esclareceu o que considera como \u201cpol\u00edticas antiamericanas\u201d.<\/p>\n\n\n\n<p>O an\u00fancio ocorre no mesmo dia em que o Brics divulgou a \u201cDeclara\u00e7\u00e3o do Rio de Janeiro\u201d, durante encontro realizado no Brasil. O documento defende o fortalecimento do multilateralismo, o respeito ao direito internacional e rejeita a\u00e7\u00f5es unilaterais que enfraque\u00e7am o sistema global \u2014 sem mencionar diretamente os EUA. Um trecho critica \u201cmedidas tarif\u00e1rias unilaterais que distorcem o com\u00e9rcio\u201d, o que foi interpretado como recado \u00e0 postura de Trump.<\/p>\n\n\n\n<p>Trump afirmou que os documentos oficiais com as novas tarifas ser\u00e3o enviados a partir das 12h desta segunda-feira (7), pelo hor\u00e1rio de Washington.<\/p>\n\n\n\n<p>O Brics \u00e9 composto por 11 pa\u00edses do Sul Global, incluindo Brasil, China, R\u00fassia, \u00cdndia e \u00c1frica do Sul. O Brasil assumiu a presid\u00eancia rotativa do bloco em janeiro de 2025.<\/p>\n\n\n\n<p>Na declara\u00e7\u00e3o conjunta, os l\u00edderes condenaram ataques contra o Ir\u00e3 e a R\u00fassia, mas evitaram cr\u00edticas diretas aos EUA ou a Israel. Reafirmaram apoio \u00e0 cria\u00e7\u00e3o de um Estado palestino com capital em Jerusal\u00e9m Oriental e pediram o fim da viol\u00eancia em Gaza. Tamb\u00e9m defenderam solu\u00e7\u00f5es pac\u00edficas para os conflitos mundiais, com base no direito internacional.<\/p>\n\n\n\n<p>Pa\u00edses-membros responderam ao an\u00fancio de Trump. A China declarou que \u201co uso de tarifas n\u00e3o serve a ningu\u00e9m\u201d, enquanto a R\u00fassia refor\u00e7ou que o Brics \u201cn\u00e3o \u00e9 dirigido contra terceiros\u201d. A \u00c1frica do Sul afirmou que o bloco busca apenas um multilateralismo reformado e mais justo. O encontro do Brics segue at\u00e9 esta segunda-feira no Rio de Janeiro.<\/p>\n\n\n\n<p><a href=\"https:\/\/www.facebook.com\/photo\/?fbid=1572398373759197&amp;set=a.814962612836114&amp;__cft__[0]=AZX5DK6ZZBLlPM7wI-pYiN58oWsSWjPSdfFglXDsSMB_8NAHt2bgq49wOSCF5BL02kuRiH-KVtL9dxK8Cygj0MkzbtCe9w7OaNPaXsDZNYeXzNGMzIeT7Ki_P1yOsbP-JlvWqUWZhw6P7fl7LCGv_xh6m86s9Wo7ztHCXwe5W8ce5-Uq13Q-SeyE76Jjv5cg96xL56a50or5iEjCijMFfWgl&amp;__tn__=EH-R\"><\/a><\/p>\n\n\n\n<figure class=\"wp-block-image\"><a class=\"x1i10hfl x1qjc9v5 xjbqb8w xjqpnuy xc5r6h4 xqeqjp1 x1phubyo x13fuv20 x18b5jzi x1q0q8m5 x1t7ytsu x972fbf x10w94by x1qhh985 x14e42zd x9f619 x1ypdohk xdl72j9 x2lah0s xe8uvvx xdj266r x14z9mp xat24cr x1lziwak x2lwn1j xeuugli xexx8yu xyri2b x18d9i69 x1c1uobl x1n2onr6 x16tdsg8 x1hl2dhg xggy1nq x1ja2u2z x1t137rt x1fmog5m xu25z0z x140muxe xo1y3bh x1q0g3np x87ps6o x1lku1pv x1a2a7pz x1lliihq x1pdlv7q\" href=\"https:\/\/www.facebook.com\/photo\/?fbid=1572398373759197&amp;set=a.814962612836114&amp;__cft__[0]=AZX5DK6ZZBLlPM7wI-pYiN58oWsSWjPSdfFglXDsSMB_8NAHt2bgq49wOSCF5BL02kuRiH-KVtL9dxK8Cygj0MkzbtCe9w7OaNPaXsDZNYeXzNGMzIeT7Ki_P1yOsbP-JlvWqUWZhw6P7fl7LCGv_xh6m86s9Wo7ztHCXwe5W8ce5-Uq13Q-SeyE76Jjv5cg96xL56a50or5iEjCijMFfWgl&amp;__tn__=EH-R\"><img decoding=\"async\" src=\"https:\/\/scontent.fgvr3-1.fna.fbcdn.net\/v\/t39.30808-6\/517792845_1572349893764045_7850525084657297981_n.jpg?stp=dst-jpg_p526x296_tt6&amp;_nc_cat=103&amp;ccb=1-7&amp;_nc_sid=127cfc&amp;_nc_ohc=COWBZPNXCvAQ7kNvwH7vEZ4&amp;_nc_oc=AdnGwM_yWJOmGcZaBVLZc4rMwKp-q4IXJUpPPFR4BZQUjfgO-Qak1LYgZkHZApZpXi4&amp;_nc_zt=23&amp;_nc_ht=scontent.fgvr3-1.fna&amp;_nc_gid=6Jst8qN8bMXQfxM1pat59g&amp;oh=00_AfSuGxrRWDCud3KU3c8cEBBVJWk6Xk6mnz_tEc4F6v8e6A&amp;oe=687192EE\" alt=\"Pode ser uma imagem de 1 pessoa e texto que diz &quot;TRUMP ANUNCIA TARIFA ADICIONAL DE 10% PARA 'QUALQUER PA\u00cdS QUE SE ALINHAR \u00c0S POL\u00cdTICAS DO BRICS' USA \u0c15\u0c3e\u0c40\u0c24\u0c4d IMAGEM: IAGEM:DIVULGA\u00c7\u00c3ONEPRODU\u00c7\u00c3O clube \u0e2d r\u00e1dio&quot;\"\/><\/a><\/figure>\n\n\n\n<p>Ver insights<\/p>\n\n\n\n<p>Criar an\u00fancio<\/p>\n\n\n\n\n\n\n\n<p>Todas as rea\u00e7\u00f5es:<\/p>\n\n\n\n<p>99<\/p>\n","protected":false},"excerpt":{"rendered":"<p>O presidente dos Estados Unidos, Donald Trump, afirmou neste domingo (6) que ir\u00e1 impor uma tarifa adicional de 10% a qualquer pa\u00eds que &#8220;se alinhar \u00e0s pol\u00edticas antiamericanas do Brics&#8221;. A medida foi anunciada em sua rede Truth Social e, segundo ele, \u201cn\u00e3o haver\u00e1 exce\u00e7\u00f5es\u201d. Trump, no entanto, n\u00e3o especificou quais pa\u00edses seriam afetados, nem [&hellip;]<\/p>\n","protected":false},"author":2,"featured_media":6054,"comment_status":"open","ping_status":"open","sticky":false,"template":"","format":"standard","meta":{"footnotes":""},"categories":[5],"tags":[],"class_list":["post-6053","post","type-post","status-publish","format-standard","has-post-thumbnail","hentry","category-noticias"],"wpmagazine_modules_lite_featured_media_urls":{"thumbnail":["https:\/\/radioclubedeinhapim.com.br\/wp-content\/uploads\/2025\/07\/Copia-de-Inserir-um-subtitulo-2025-07-07T093940.798-150x150.jpg",150,150,true],"cvmm-medium":["https:\/\/radioclubedeinhapim.com.br\/wp-content\/uploads\/2025\/07\/Copia-de-Inserir-um-subtitulo-2025-07-07T093940.798-300x300.jpg",300,300,true],"cvmm-medium-plus":["https:\/\/radioclubedeinhapim.com.br\/wp-content\/uploads\/2025\/07\/Copia-de-Inserir-um-subtitulo-2025-07-07T093940.798-305x207.jpg",305,207,true],"cvmm-portrait":["https:\/\/radioclubedeinhapim.com.br\/wp-content\/uploads\/2025\/07\/Copia-de-Inserir-um-subtitulo-2025-07-07T093940.798-400x600.jpg",400,600,true],"cvmm-medium-square":["https:\/\/radioclubedeinhapim.com.br\/wp-content\/uploads\/2025\/07\/Copia-de-Inserir-um-subtitulo-2025-07-07T093940.798-600x600.jpg",600,600,true],"cvmm-large":["https:\/\/radioclubedeinhapim.com.br\/wp-content\/uploads\/2025\/07\/Copia-de-Inserir-um-subtitulo-2025-07-07T093940.798-1024x1024.jpg",1024,1024,true],"cvmm-small":["https:\/\/radioclubedeinhapim.com.br\/wp-content\/uploads\/2025\/07\/Copia-de-Inserir-um-subtitulo-2025-07-07T093940.798-130x95.jpg",130,95,true],"full":["https:\/\/radioclubedeinhapim.com.br\/wp-content\/uploads\/2025\/07\/Copia-de-Inserir-um-subtitulo-2025-07-07T093940.798.jpg",1080,1080,false]},"categories_names":{"5":{"name":"Not\u00edcias","link":"https:\/\/radioclubedeinhapim.com.br\/index.php\/category\/noticias\/"}},"tags_names":[],"comments_number":"0","_links":{"self":[{"href":"https:\/\/radioclubedeinhapim.com.br\/index.php\/wp-json\/wp\/v2\/posts\/6053","targetHints":{"allow":["GET"]}}],"collection":[{"href":"https:\/\/radioclubedeinhapim.com.br\/index.php\/wp-json\/wp\/v2\/posts"}],"about":[{"href":"https:\/\/radioclubedeinhapim.com.br\/index.php\/wp-json\/wp\/v2\/types\/post"}],"author":[{"embeddable":true,"href":"https:\/\/radioclubedeinhapim.com.br\/index.php\/wp-json\/wp\/v2\/users\/2"}],"replies":[{"embeddable":true,"href":"https:\/\/radioclubedeinhapim.com.br\/index.php\/wp-json\/wp\/v2\/comments?post=6053"}],"version-history":[{"count":1,"href":"https:\/\/radioclubedeinhapim.com.br\/index.php\/wp-json\/wp\/v2\/posts\/6053\/revisions"}],"predecessor-version":[{"id":6055,"href":"https:\/\/radioclubedeinhapim.com.br\/index.php\/wp-json\/wp\/v2\/posts\/6053\/revisions\/6055"}],"wp:featuredmedia":[{"embeddable":true,"href":"https:\/\/radioclubedeinhapim.com.br\/index.php\/wp-json\/wp\/v2\/media\/6054"}],"wp:attachment":[{"href":"https:\/\/radioclubedeinhapim.com.br\/index.php\/wp-json\/wp\/v2\/media?parent=6053"}],"wp:term":[{"taxonomy":"category","embeddable":true,"href":"https:\/\/radioclubedeinhapim.com.br\/index.php\/wp-json\/wp\/v2\/categories?post=6053"},{"taxonomy":"post_tag","embeddable":true,"href":"https:\/\/radioclubedeinhapim.com.br\/index.php\/wp-json\/wp\/v2\/tags?post=6053"}],"curies":[{"name":"wp","href":"https:\/\/api.w.org\/{rel}","templated":true}]}}