{"id":6181,"date":"2025-07-14T16:10:17","date_gmt":"2025-07-14T19:10:17","guid":{"rendered":"https:\/\/radioclubedeinhapim.com.br\/?p=6181"},"modified":"2025-07-14T16:10:17","modified_gmt":"2025-07-14T19:10:17","slug":"governo-vai-trabalhar-para-reverter-taxacao-dos-eua-diz-alckmin","status":"publish","type":"post","link":"https:\/\/radioclubedeinhapim.com.br\/index.php\/2025\/07\/14\/governo-vai-trabalhar-para-reverter-taxacao-dos-eua-diz-alckmin\/","title":{"rendered":"Governo vai trabalhar para reverter taxa\u00e7\u00e3o dos EUA, diz Alckmin"},"content":{"rendered":"\n<p>O <a><\/a>governo federal brasileiro anunciou que vai trabalhar para reverter a tarifa de 50% imposta pelos Estados Unidos sobre produtos importados do Brasil, conforme anunciado pelo presidente norte-americano Donald Trump. A medida, prevista para entrar em vigor em 1\u00ba de agosto, foi comunicada em carta enviada ao presidente Luiz In\u00e1cio Lula da Silva. O vice-presidente e ministro do Desenvolvimento, Ind\u00fastria e Com\u00e9rcio, Geraldo Alckmin, afirmou que o Brasil considera a tarifa injustific\u00e1vel e prejudicial tamb\u00e9m aos consumidores americanos. Segundo ele, o governo recorrer\u00e1 \u00e0 Organiza\u00e7\u00e3o Mundial do Com\u00e9rcio (OMC) e avaliar\u00e1 o uso da Lei de Reciprocidade Econ\u00f4mica, que permite suspender concess\u00f5es em resposta a medidas unilaterais.<\/p>\n\n\n\n<p>Trump justificou a decis\u00e3o mencionando processos contra o ex-presidente Jair Bolsonaro no Supremo Tribunal Federal (STF) e criticando a atua\u00e7\u00e3o da Justi\u00e7a brasileira, que, segundo ele, fere liberdades e a democracia. Na carta, chamou o julgamento de Bolsonaro de \u201cvergonha internacional\u201d e classificou como \u201cca\u00e7a \u00e0s bruxas\u201d as a\u00e7\u00f5es do STF contra seus aliados.<\/p>\n\n\n\n<p>Alckmin destacou que os Estados Unidos t\u00eam super\u00e1vit comercial com o Brasil e que os dois pa\u00edses mant\u00eam uma hist\u00f3rica rela\u00e7\u00e3o de coopera\u00e7\u00e3o produtiva. Para o governo brasileiro, a medida de Trump fere o princ\u00edpio de estabilidade e previsibilidade da economia global.<\/p>\n\n\n\n<p>Durante o mesmo evento em S\u00e3o Paulo, Alckmin tamb\u00e9m comentou o novo decreto do governo que zera o IPI (Imposto sobre Produtos Industrializados) para carros sustent\u00e1veis. A iniciativa pode reduzir o valor de ve\u00edculos de entrada em at\u00e9 R\\$ 12 mil e faz parte do Programa Nacional de Mobilidade Verde e Inova\u00e7\u00e3o (Mover), que incentiva a produ\u00e7\u00e3o de autom\u00f3veis com baixa emiss\u00e3o de CO\u2082, uso de materiais recicl\u00e1veis e fabrica\u00e7\u00e3o nacional. A medida busca estimular a descarboniza\u00e7\u00e3o da frota e tornar os ve\u00edculos mais acess\u00edveis \u00e0 popula\u00e7\u00e3o.<\/p>\n","protected":false},"excerpt":{"rendered":"<p>O governo federal brasileiro anunciou que vai trabalhar para reverter a tarifa de 50% imposta pelos Estados Unidos sobre produtos importados do Brasil, conforme anunciado pelo presidente norte-americano Donald Trump. A medida, prevista para entrar em vigor em 1\u00ba de agosto, foi comunicada em carta enviada ao presidente Luiz In\u00e1cio Lula da Silva. O vice-presidente [&hellip;]<\/p>\n","protected":false},"author":2,"featured_media":6182,"comment_status":"open","ping_status":"open","sticky":false,"template":"","format":"standard","meta":{"footnotes":""},"categories":[5],"tags":[],"class_list":["post-6181","post","type-post","status-publish","format-standard","has-post-thumbnail","hentry","category-noticias"],"wpmagazine_modules_lite_featured_media_urls":{"thumbnail":["https:\/\/radioclubedeinhapim.com.br\/wp-content\/uploads\/2025\/07\/Copia-de-Inserir-um-subtitulo-2025-07-14T092756.585-150x150.jpg",150,150,true],"cvmm-medium":["https:\/\/radioclubedeinhapim.com.br\/wp-content\/uploads\/2025\/07\/Copia-de-Inserir-um-subtitulo-2025-07-14T092756.585-300x300.jpg",300,300,true],"cvmm-medium-plus":["https:\/\/radioclubedeinhapim.com.br\/wp-content\/uploads\/2025\/07\/Copia-de-Inserir-um-subtitulo-2025-07-14T092756.585-305x207.jpg",305,207,true],"cvmm-portrait":["https:\/\/radioclubedeinhapim.com.br\/wp-content\/uploads\/2025\/07\/Copia-de-Inserir-um-subtitulo-2025-07-14T092756.585-400x600.jpg",400,600,true],"cvmm-medium-square":["https:\/\/radioclubedeinhapim.com.br\/wp-content\/uploads\/2025\/07\/Copia-de-Inserir-um-subtitulo-2025-07-14T092756.585-600x600.jpg",600,600,true],"cvmm-large":["https:\/\/radioclubedeinhapim.com.br\/wp-content\/uploads\/2025\/07\/Copia-de-Inserir-um-subtitulo-2025-07-14T092756.585-1024x1024.jpg",1024,1024,true],"cvmm-small":["https:\/\/radioclubedeinhapim.com.br\/wp-content\/uploads\/2025\/07\/Copia-de-Inserir-um-subtitulo-2025-07-14T092756.585-130x95.jpg",130,95,true],"full":["https:\/\/radioclubedeinhapim.com.br\/wp-content\/uploads\/2025\/07\/Copia-de-Inserir-um-subtitulo-2025-07-14T092756.585.jpg",1080,1080,false]},"categories_names":{"5":{"name":"Not\u00edcias","link":"https:\/\/radioclubedeinhapim.com.br\/index.php\/category\/noticias\/"}},"tags_names":[],"comments_number":"0","_links":{"self":[{"href":"https:\/\/radioclubedeinhapim.com.br\/index.php\/wp-json\/wp\/v2\/posts\/6181","targetHints":{"allow":["GET"]}}],"collection":[{"href":"https:\/\/radioclubedeinhapim.com.br\/index.php\/wp-json\/wp\/v2\/posts"}],"about":[{"href":"https:\/\/radioclubedeinhapim.com.br\/index.php\/wp-json\/wp\/v2\/types\/post"}],"author":[{"embeddable":true,"href":"https:\/\/radioclubedeinhapim.com.br\/index.php\/wp-json\/wp\/v2\/users\/2"}],"replies":[{"embeddable":true,"href":"https:\/\/radioclubedeinhapim.com.br\/index.php\/wp-json\/wp\/v2\/comments?post=6181"}],"version-history":[{"count":1,"href":"https:\/\/radioclubedeinhapim.com.br\/index.php\/wp-json\/wp\/v2\/posts\/6181\/revisions"}],"predecessor-version":[{"id":6183,"href":"https:\/\/radioclubedeinhapim.com.br\/index.php\/wp-json\/wp\/v2\/posts\/6181\/revisions\/6183"}],"wp:featuredmedia":[{"embeddable":true,"href":"https:\/\/radioclubedeinhapim.com.br\/index.php\/wp-json\/wp\/v2\/media\/6182"}],"wp:attachment":[{"href":"https:\/\/radioclubedeinhapim.com.br\/index.php\/wp-json\/wp\/v2\/media?parent=6181"}],"wp:term":[{"taxonomy":"category","embeddable":true,"href":"https:\/\/radioclubedeinhapim.com.br\/index.php\/wp-json\/wp\/v2\/categories?post=6181"},{"taxonomy":"post_tag","embeddable":true,"href":"https:\/\/radioclubedeinhapim.com.br\/index.php\/wp-json\/wp\/v2\/tags?post=6181"}],"curies":[{"name":"wp","href":"https:\/\/api.w.org\/{rel}","templated":true}]}}