{"id":6187,"date":"2025-07-14T16:11:11","date_gmt":"2025-07-14T19:11:11","guid":{"rendered":"https:\/\/radioclubedeinhapim.com.br\/?p=6187"},"modified":"2025-07-14T16:11:11","modified_gmt":"2025-07-14T19:11:11","slug":"policia-militar-prende-homem-por-furto-durante-evento-festivo-no-centro-de-pocrane","status":"publish","type":"post","link":"https:\/\/radioclubedeinhapim.com.br\/index.php\/2025\/07\/14\/policia-militar-prende-homem-por-furto-durante-evento-festivo-no-centro-de-pocrane\/","title":{"rendered":"Pol\u00edcia Militar prende homem por furto durante evento festivo no Centro de Pocrane"},"content":{"rendered":"\n<p><a><\/a>Na madrugada do dia 12 de julho de 2025, a Pol\u00edcia Militar de Minas Gerais por meio do Destacamento de Pocrane prendeu um homem de 52 anos por furto durante a realiza\u00e7\u00e3o de um evento festivo no centro da cidade, nas proximidades da Avenida Minas Gerais.<\/p>\n\n\n\n<p>A v\u00edtima, um homem de 59 anos, procurou uma equipe da Pol\u00edcia Militar relatando que, em meio \u00e0 multid\u00e3o, foi empurrada e percebeu que sua carteira havia sido subtra\u00edda. O objeto continha documentos pessoais, cart\u00f5es banc\u00e1rios e aproximadamente R$ 30,00 em dinheiro. Testemunhas indicaram \u00e0 guarni\u00e7\u00e3o policial militar um indiv\u00edduo suspeito, o qual foi imediatamente abordado.<\/p>\n\n\n\n<p>Durante a busca pessoal, os policiais localizaram em poder do autor os documentos da v\u00edtima, cart\u00f5es de cr\u00e9dito e d\u00e9bito, al\u00e9m de dinheiro em esp\u00e9cie. Tamb\u00e9m foram encontrados documentos pertencentes a uma segunda v\u00edtima, que compareceu posteriormente e informou que tamb\u00e9m havia sido furtada no mesmo evento, tendo subtra\u00eddos seus documentos pessoais e aproximadamente R$2.500,00 em esp\u00e9cie.<\/p>\n\n\n\n<p>Ao todo, foram recuperados:<\/p>\n\n\n\n<p>\u2022 R$3.947,00 em dinheiro<\/p>\n\n\n\n<p>\u2022 Diversos cart\u00f5es banc\u00e1rios de diferentes titulares<\/p>\n\n\n\n<p>\u2022 Documentos pessoais<\/p>\n\n\n\n<p>\u2022 Chips de celular e cart\u00e3o de mem\u00f3ria<\/p>\n\n\n\n<p>O autor, ao ser questionado, afirmou que veio \u00e0 cidade acompanhado de outros dois indiv\u00edduos e que era respons\u00e1vel por guardar os objetos subtra\u00eddos por eles.<\/p>\n\n\n\n<p>Ele recebeu voz de pris\u00e3o em flagrante e foi encaminhado \u00e0 Delegacia de Pol\u00edcia Civil de Plant\u00e3o, juntamente com o material apreendido.<\/p>\n","protected":false},"excerpt":{"rendered":"<p>Na madrugada do dia 12 de julho de 2025, a Pol\u00edcia Militar de Minas Gerais por meio do Destacamento de Pocrane prendeu um homem de 52 anos por furto durante a realiza\u00e7\u00e3o de um evento festivo no centro da cidade, nas proximidades da Avenida Minas Gerais. A v\u00edtima, um homem de 59 anos, procurou uma [&hellip;]<\/p>\n","protected":false},"author":2,"featured_media":6188,"comment_status":"open","ping_status":"open","sticky":false,"template":"","format":"standard","meta":{"footnotes":""},"categories":[5],"tags":[],"class_list":["post-6187","post","type-post","status-publish","format-standard","has-post-thumbnail","hentry","category-noticias"],"wpmagazine_modules_lite_featured_media_urls":{"thumbnail":["https:\/\/radioclubedeinhapim.com.br\/wp-content\/uploads\/2025\/07\/Copia-de-Inserir-um-subtitulo-2025-07-14T112840.624-150x150.jpg",150,150,true],"cvmm-medium":["https:\/\/radioclubedeinhapim.com.br\/wp-content\/uploads\/2025\/07\/Copia-de-Inserir-um-subtitulo-2025-07-14T112840.624-300x300.jpg",300,300,true],"cvmm-medium-plus":["https:\/\/radioclubedeinhapim.com.br\/wp-content\/uploads\/2025\/07\/Copia-de-Inserir-um-subtitulo-2025-07-14T112840.624-305x207.jpg",305,207,true],"cvmm-portrait":["https:\/\/radioclubedeinhapim.com.br\/wp-content\/uploads\/2025\/07\/Copia-de-Inserir-um-subtitulo-2025-07-14T112840.624-400x600.jpg",400,600,true],"cvmm-medium-square":["https:\/\/radioclubedeinhapim.com.br\/wp-content\/uploads\/2025\/07\/Copia-de-Inserir-um-subtitulo-2025-07-14T112840.624-600x600.jpg",600,600,true],"cvmm-large":["https:\/\/radioclubedeinhapim.com.br\/wp-content\/uploads\/2025\/07\/Copia-de-Inserir-um-subtitulo-2025-07-14T112840.624-1024x1024.jpg",1024,1024,true],"cvmm-small":["https:\/\/radioclubedeinhapim.com.br\/wp-content\/uploads\/2025\/07\/Copia-de-Inserir-um-subtitulo-2025-07-14T112840.624-130x95.jpg",130,95,true],"full":["https:\/\/radioclubedeinhapim.com.br\/wp-content\/uploads\/2025\/07\/Copia-de-Inserir-um-subtitulo-2025-07-14T112840.624.jpg",1080,1080,false]},"categories_names":{"5":{"name":"Not\u00edcias","link":"https:\/\/radioclubedeinhapim.com.br\/index.php\/category\/noticias\/"}},"tags_names":[],"comments_number":"0","_links":{"self":[{"href":"https:\/\/radioclubedeinhapim.com.br\/index.php\/wp-json\/wp\/v2\/posts\/6187","targetHints":{"allow":["GET"]}}],"collection":[{"href":"https:\/\/radioclubedeinhapim.com.br\/index.php\/wp-json\/wp\/v2\/posts"}],"about":[{"href":"https:\/\/radioclubedeinhapim.com.br\/index.php\/wp-json\/wp\/v2\/types\/post"}],"author":[{"embeddable":true,"href":"https:\/\/radioclubedeinhapim.com.br\/index.php\/wp-json\/wp\/v2\/users\/2"}],"replies":[{"embeddable":true,"href":"https:\/\/radioclubedeinhapim.com.br\/index.php\/wp-json\/wp\/v2\/comments?post=6187"}],"version-history":[{"count":1,"href":"https:\/\/radioclubedeinhapim.com.br\/index.php\/wp-json\/wp\/v2\/posts\/6187\/revisions"}],"predecessor-version":[{"id":6189,"href":"https:\/\/radioclubedeinhapim.com.br\/index.php\/wp-json\/wp\/v2\/posts\/6187\/revisions\/6189"}],"wp:featuredmedia":[{"embeddable":true,"href":"https:\/\/radioclubedeinhapim.com.br\/index.php\/wp-json\/wp\/v2\/media\/6188"}],"wp:attachment":[{"href":"https:\/\/radioclubedeinhapim.com.br\/index.php\/wp-json\/wp\/v2\/media?parent=6187"}],"wp:term":[{"taxonomy":"category","embeddable":true,"href":"https:\/\/radioclubedeinhapim.com.br\/index.php\/wp-json\/wp\/v2\/categories?post=6187"},{"taxonomy":"post_tag","embeddable":true,"href":"https:\/\/radioclubedeinhapim.com.br\/index.php\/wp-json\/wp\/v2\/tags?post=6187"}],"curies":[{"name":"wp","href":"https:\/\/api.w.org\/{rel}","templated":true}]}}