{"id":6199,"date":"2025-07-15T09:04:01","date_gmt":"2025-07-15T12:04:01","guid":{"rendered":"https:\/\/radioclubedeinhapim.com.br\/?p=6199"},"modified":"2025-07-15T09:04:01","modified_gmt":"2025-07-15T12:04:01","slug":"misterio-em-acidente-jovem-morre-e-moto-desaparece-antes-da-chegada-da-policia","status":"publish","type":"post","link":"https:\/\/radioclubedeinhapim.com.br\/index.php\/2025\/07\/15\/misterio-em-acidente-jovem-morre-e-moto-desaparece-antes-da-chegada-da-policia\/","title":{"rendered":"Mist\u00e9rio em acidente: jovem morre e moto desaparece antes da chegada da pol\u00edcia"},"content":{"rendered":"\n<p>Um jovem de 19 anos perdeu a vida na noite desta segunda-feira (14) ap\u00f3s se envolver em um grave acidente de tr\u00e2nsito no bairro Vila Celeste, em Ipatinga, no Vale do A\u00e7o. Cl\u00e1udio J\u00fanio Botelho Rodrigues Marques pilotava uma motocicleta quando perdeu o controle do ve\u00edculo e colidiu violentamente contra um poste na rua Gra\u00fanas.<\/p>\n\n\n\n<p>Testemunhas relataram que, ap\u00f3s o impacto, o rapaz ficou desacordado. O Corpo de Bombeiros foi acionado rapidamente, prestou os primeiros socorros e o encaminhou ao Hospital M\u00e1rcio Cunha. No entanto, a equipe m\u00e9dica informou que ele j\u00e1 chegou \u00e0 unidade hospitalar sem vida.<\/p>\n\n\n\n<p>Enquanto as autoridades realizavam os procedimentos de praxe, um detalhe chamou aten\u00e7\u00e3o: a motocicleta que Cl\u00e1udio pilotava n\u00e3o estava mais no local. Segundo moradores da regi\u00e3o, o ve\u00edculo foi retirado por pessoas n\u00e3o identificadas, que o colocaram na carroceria de um autom\u00f3vel e deixaram a cena do acidente antes da chegada da pol\u00edcia.<\/p>\n\n\n\n<p>A aus\u00eancia do ve\u00edculo no local comprometeu o trabalho da per\u00edcia e se tornou um ponto central da investiga\u00e7\u00e3o. Al\u00e9m disso, foi constatado que Cl\u00e1udio n\u00e3o possu\u00eda Carteira Nacional de Habilita\u00e7\u00e3o (CNH), o que pode ter contribu\u00eddo para o desfecho tr\u00e1gico.<\/p>\n\n\n\n<p>&#8220;A retirada da motocicleta antes da chegada da per\u00edcia ser\u00e1 investigada, assim como a aus\u00eancia de habilita\u00e7\u00e3o da v\u00edtima, informou um dos policiais que atendeu a ocorr\u00eancia.<\/p>\n\n\n\n<p>Ap\u00f3s os procedimentos da per\u00edcia, a via foi liberada. A Pol\u00edcia Civil ficar\u00e1 respons\u00e1vel pelas investiga\u00e7\u00f5es, buscando identificar os respons\u00e1veis pela remo\u00e7\u00e3o da motocicleta e esclarecer completamente os fatores que levaram ao acidente fatal.<\/p>\n\n\n\n<p>PLOX<\/p>\n","protected":false},"excerpt":{"rendered":"<p>Um jovem de 19 anos perdeu a vida na noite desta segunda-feira (14) ap\u00f3s se envolver em um grave acidente de tr\u00e2nsito no bairro Vila Celeste, em Ipatinga, no Vale do A\u00e7o. Cl\u00e1udio J\u00fanio Botelho Rodrigues Marques pilotava uma motocicleta quando perdeu o controle do ve\u00edculo e colidiu violentamente contra um poste na rua Gra\u00fanas. [&hellip;]<\/p>\n","protected":false},"author":2,"featured_media":6200,"comment_status":"open","ping_status":"open","sticky":false,"template":"","format":"standard","meta":{"footnotes":""},"categories":[5],"tags":[],"class_list":["post-6199","post","type-post","status-publish","format-standard","has-post-thumbnail","hentry","category-noticias"],"wpmagazine_modules_lite_featured_media_urls":{"thumbnail":["https:\/\/radioclubedeinhapim.com.br\/wp-content\/uploads\/2025\/07\/Copia-de-Inserir-um-subtitulo-2025-07-15T090537.752-150x150.jpg",150,150,true],"cvmm-medium":["https:\/\/radioclubedeinhapim.com.br\/wp-content\/uploads\/2025\/07\/Copia-de-Inserir-um-subtitulo-2025-07-15T090537.752-300x300.jpg",300,300,true],"cvmm-medium-plus":["https:\/\/radioclubedeinhapim.com.br\/wp-content\/uploads\/2025\/07\/Copia-de-Inserir-um-subtitulo-2025-07-15T090537.752-305x207.jpg",305,207,true],"cvmm-portrait":["https:\/\/radioclubedeinhapim.com.br\/wp-content\/uploads\/2025\/07\/Copia-de-Inserir-um-subtitulo-2025-07-15T090537.752-400x600.jpg",400,600,true],"cvmm-medium-square":["https:\/\/radioclubedeinhapim.com.br\/wp-content\/uploads\/2025\/07\/Copia-de-Inserir-um-subtitulo-2025-07-15T090537.752-600x600.jpg",600,600,true],"cvmm-large":["https:\/\/radioclubedeinhapim.com.br\/wp-content\/uploads\/2025\/07\/Copia-de-Inserir-um-subtitulo-2025-07-15T090537.752-1024x1024.jpg",1024,1024,true],"cvmm-small":["https:\/\/radioclubedeinhapim.com.br\/wp-content\/uploads\/2025\/07\/Copia-de-Inserir-um-subtitulo-2025-07-15T090537.752-130x95.jpg",130,95,true],"full":["https:\/\/radioclubedeinhapim.com.br\/wp-content\/uploads\/2025\/07\/Copia-de-Inserir-um-subtitulo-2025-07-15T090537.752.jpg",1080,1080,false]},"categories_names":{"5":{"name":"Not\u00edcias","link":"https:\/\/radioclubedeinhapim.com.br\/index.php\/category\/noticias\/"}},"tags_names":[],"comments_number":"0","_links":{"self":[{"href":"https:\/\/radioclubedeinhapim.com.br\/index.php\/wp-json\/wp\/v2\/posts\/6199","targetHints":{"allow":["GET"]}}],"collection":[{"href":"https:\/\/radioclubedeinhapim.com.br\/index.php\/wp-json\/wp\/v2\/posts"}],"about":[{"href":"https:\/\/radioclubedeinhapim.com.br\/index.php\/wp-json\/wp\/v2\/types\/post"}],"author":[{"embeddable":true,"href":"https:\/\/radioclubedeinhapim.com.br\/index.php\/wp-json\/wp\/v2\/users\/2"}],"replies":[{"embeddable":true,"href":"https:\/\/radioclubedeinhapim.com.br\/index.php\/wp-json\/wp\/v2\/comments?post=6199"}],"version-history":[{"count":1,"href":"https:\/\/radioclubedeinhapim.com.br\/index.php\/wp-json\/wp\/v2\/posts\/6199\/revisions"}],"predecessor-version":[{"id":6201,"href":"https:\/\/radioclubedeinhapim.com.br\/index.php\/wp-json\/wp\/v2\/posts\/6199\/revisions\/6201"}],"wp:featuredmedia":[{"embeddable":true,"href":"https:\/\/radioclubedeinhapim.com.br\/index.php\/wp-json\/wp\/v2\/media\/6200"}],"wp:attachment":[{"href":"https:\/\/radioclubedeinhapim.com.br\/index.php\/wp-json\/wp\/v2\/media?parent=6199"}],"wp:term":[{"taxonomy":"category","embeddable":true,"href":"https:\/\/radioclubedeinhapim.com.br\/index.php\/wp-json\/wp\/v2\/categories?post=6199"},{"taxonomy":"post_tag","embeddable":true,"href":"https:\/\/radioclubedeinhapim.com.br\/index.php\/wp-json\/wp\/v2\/tags?post=6199"}],"curies":[{"name":"wp","href":"https:\/\/api.w.org\/{rel}","templated":true}]}}