{"id":6225,"date":"2025-07-15T17:05:25","date_gmt":"2025-07-15T20:05:25","guid":{"rendered":"https:\/\/radioclubedeinhapim.com.br\/?p=6225"},"modified":"2025-07-15T17:05:25","modified_gmt":"2025-07-15T20:05:25","slug":"justica-condena-homem-por-invasao-de-residencias-e-tentativa-de-estupro-em-iapu","status":"publish","type":"post","link":"https:\/\/radioclubedeinhapim.com.br\/index.php\/2025\/07\/15\/justica-condena-homem-por-invasao-de-residencias-e-tentativa-de-estupro-em-iapu\/","title":{"rendered":"Justi\u00e7a condena homem por invas\u00e3o de resid\u00eancias e tentativa de estupro em Iapu"},"content":{"rendered":"\n<p>O Minist\u00e9rio P\u00fablico de Minas Gerais, por meio da 2\u00aa Promotoria de Justi\u00e7a de Inhapim, tornou p\u00fablica a senten\u00e7a proferida pela 1\u00aa Vara C\u00edvel, Criminal e de Execu\u00e7\u00f5es Penais da Comarca de Inhapim\/MG, em processo que apurou graves crimes ocorridos no munic\u00edpio de Iapu.<\/p>\n\n\n\n<p>Segundo a den\u00fancia, os fatos aconteceram na noite de 23 de dezembro de 2021, por volta das 22h, no Bairro Bela Vista. Na ocasi\u00e3o, um homem de 21 anos de idade \u00e0 \u00e9poca dos fatos invadiu clandestinamente duas resid\u00eancias vizinhas, agindo com viol\u00eancia e premedita\u00e7\u00e3o.<\/p>\n\n\n\n<p>Em uma das casas, ele tentou abusar sexualmente da moradora, utilizando for\u00e7a f\u00edsica e tentando sufoc\u00e1-la. A v\u00edtima conseguiu reagir, sendo socorrida por vizinhos, o que impediu a consuma\u00e7\u00e3o do crime. Em outra resid\u00eancia, ele tamb\u00e9m foi flagrado em atitude suspeita, com ind\u00edcios de inten\u00e7\u00e3o semelhante, embora nenhum ato tenha se concretizado. Durante a a\u00e7\u00e3o, o autor ainda tentou furtar um aparelho celular, que foi danificado e abandonado no local.<\/p>\n\n\n\n<p>Ap\u00f3s a an\u00e1lise do conjunto probat\u00f3rio, que incluiu depoimentos e documentos, a Justi\u00e7a condenou o r\u00e9u a 3 anos, 1 m\u00eas e 10 dias de reclus\u00e3o, em regime fechado, al\u00e9m de 1 ano, 4 meses e 10 dias de deten\u00e7\u00e3o, a ser cumprido em regime semiaberto. A condena\u00e7\u00e3o se deu pelos crimes de viola\u00e7\u00e3o de domic\u00edlio (duas vezes) e estupro tentado, com reconhecimento do concurso material entre os delitos.<\/p>\n\n\n\n<p>O Minist\u00e9rio P\u00fablico destacou a gravidade dos fatos e o modo de agir do condenado, refor\u00e7ando a import\u00e2ncia da responsabiliza\u00e7\u00e3o penal como forma de garantir a seguran\u00e7a das v\u00edtimas e da comunidade.<\/p>\n\n\n\n<p>MPMG<\/p>\n","protected":false},"excerpt":{"rendered":"<p>O Minist\u00e9rio P\u00fablico de Minas Gerais, por meio da 2\u00aa Promotoria de Justi\u00e7a de Inhapim, tornou p\u00fablica a senten\u00e7a proferida pela 1\u00aa Vara C\u00edvel, Criminal e de Execu\u00e7\u00f5es Penais da Comarca de Inhapim\/MG, em processo que apurou graves crimes ocorridos no munic\u00edpio de Iapu. Segundo a den\u00fancia, os fatos aconteceram na noite de 23 de [&hellip;]<\/p>\n","protected":false},"author":2,"featured_media":6226,"comment_status":"open","ping_status":"open","sticky":false,"template":"","format":"standard","meta":{"footnotes":""},"categories":[5],"tags":[],"class_list":["post-6225","post","type-post","status-publish","format-standard","has-post-thumbnail","hentry","category-noticias"],"wpmagazine_modules_lite_featured_media_urls":{"thumbnail":["https:\/\/radioclubedeinhapim.com.br\/wp-content\/uploads\/2025\/07\/Copia-de-Inserir-um-subtitulo-2025-07-15T170617.000-150x150.jpg",150,150,true],"cvmm-medium":["https:\/\/radioclubedeinhapim.com.br\/wp-content\/uploads\/2025\/07\/Copia-de-Inserir-um-subtitulo-2025-07-15T170617.000-300x300.jpg",300,300,true],"cvmm-medium-plus":["https:\/\/radioclubedeinhapim.com.br\/wp-content\/uploads\/2025\/07\/Copia-de-Inserir-um-subtitulo-2025-07-15T170617.000-305x207.jpg",305,207,true],"cvmm-portrait":["https:\/\/radioclubedeinhapim.com.br\/wp-content\/uploads\/2025\/07\/Copia-de-Inserir-um-subtitulo-2025-07-15T170617.000-400x600.jpg",400,600,true],"cvmm-medium-square":["https:\/\/radioclubedeinhapim.com.br\/wp-content\/uploads\/2025\/07\/Copia-de-Inserir-um-subtitulo-2025-07-15T170617.000-600x600.jpg",600,600,true],"cvmm-large":["https:\/\/radioclubedeinhapim.com.br\/wp-content\/uploads\/2025\/07\/Copia-de-Inserir-um-subtitulo-2025-07-15T170617.000-1024x1024.jpg",1024,1024,true],"cvmm-small":["https:\/\/radioclubedeinhapim.com.br\/wp-content\/uploads\/2025\/07\/Copia-de-Inserir-um-subtitulo-2025-07-15T170617.000-130x95.jpg",130,95,true],"full":["https:\/\/radioclubedeinhapim.com.br\/wp-content\/uploads\/2025\/07\/Copia-de-Inserir-um-subtitulo-2025-07-15T170617.000.jpg",1080,1080,false]},"categories_names":{"5":{"name":"Not\u00edcias","link":"https:\/\/radioclubedeinhapim.com.br\/index.php\/category\/noticias\/"}},"tags_names":[],"comments_number":"0","_links":{"self":[{"href":"https:\/\/radioclubedeinhapim.com.br\/index.php\/wp-json\/wp\/v2\/posts\/6225","targetHints":{"allow":["GET"]}}],"collection":[{"href":"https:\/\/radioclubedeinhapim.com.br\/index.php\/wp-json\/wp\/v2\/posts"}],"about":[{"href":"https:\/\/radioclubedeinhapim.com.br\/index.php\/wp-json\/wp\/v2\/types\/post"}],"author":[{"embeddable":true,"href":"https:\/\/radioclubedeinhapim.com.br\/index.php\/wp-json\/wp\/v2\/users\/2"}],"replies":[{"embeddable":true,"href":"https:\/\/radioclubedeinhapim.com.br\/index.php\/wp-json\/wp\/v2\/comments?post=6225"}],"version-history":[{"count":1,"href":"https:\/\/radioclubedeinhapim.com.br\/index.php\/wp-json\/wp\/v2\/posts\/6225\/revisions"}],"predecessor-version":[{"id":6227,"href":"https:\/\/radioclubedeinhapim.com.br\/index.php\/wp-json\/wp\/v2\/posts\/6225\/revisions\/6227"}],"wp:featuredmedia":[{"embeddable":true,"href":"https:\/\/radioclubedeinhapim.com.br\/index.php\/wp-json\/wp\/v2\/media\/6226"}],"wp:attachment":[{"href":"https:\/\/radioclubedeinhapim.com.br\/index.php\/wp-json\/wp\/v2\/media?parent=6225"}],"wp:term":[{"taxonomy":"category","embeddable":true,"href":"https:\/\/radioclubedeinhapim.com.br\/index.php\/wp-json\/wp\/v2\/categories?post=6225"},{"taxonomy":"post_tag","embeddable":true,"href":"https:\/\/radioclubedeinhapim.com.br\/index.php\/wp-json\/wp\/v2\/tags?post=6225"}],"curies":[{"name":"wp","href":"https:\/\/api.w.org\/{rel}","templated":true}]}}