{"id":6280,"date":"2025-07-18T09:09:40","date_gmt":"2025-07-18T12:09:40","guid":{"rendered":"https:\/\/radioclubedeinhapim.com.br\/?p=6280"},"modified":"2025-07-18T09:09:40","modified_gmt":"2025-07-18T12:09:40","slug":"crlv-2025-comeca-a-ser-cobrado-a-partir-de-setembro-em-minas-gerais","status":"publish","type":"post","link":"https:\/\/radioclubedeinhapim.com.br\/index.php\/2025\/07\/18\/crlv-2025-comeca-a-ser-cobrado-a-partir-de-setembro-em-minas-gerais\/","title":{"rendered":"CRLV 2025 come\u00e7a a ser cobrado a partir de setembro em Minas Gerais"},"content":{"rendered":"\n<p>O Governo de Minas, atrav\u00e9s da Coordenadoria Estadual de Gest\u00e3o do Tr\u00e2nsito (CET-MG), antigo Detran-MG, divulgou o calend\u00e1rio de exig\u00eancia do Certificado de Registro e Licenciamento de Ve\u00edculo (CRLV) para 2025. O cronograma varia conforme o final da placa, veja tabela com os prazos abaixo.<\/p>\n\n\n\n<p>Placas terminadas com o final<\/p>\n\n\n\n<p>Prazo para regularidade<\/p>\n\n\n\n<p>1, 2 e 3 &#8211; 31 de agosto<\/p>\n\n\n\n<p>4, 5 e 6 &#8211; 30 de setembro<\/p>\n\n\n\n<p>7, 8, 9 e 0 &#8211; 31 de outubro<\/p>\n\n\n\n<p>O CRLV, pode ser apresentado em vers\u00e3o impressa ou digital, e est\u00e1 dispon\u00edvel pelo:<\/p>\n\n\n\n<p>&gt;site da CET-MG<\/p>\n\n\n\n<p>&gt;aplicativo Carteira Digital de Tr\u00e2nsito<\/p>\n\n\n\n<p>&gt;MG App<\/p>\n\n\n\n<p>Para emiss\u00e3o, \u00e9 necess\u00e1rio quitar o IPVA, a taxa de licenciamento e todas as multas vencidas, al\u00e9m de n\u00e3o haver restri\u00e7\u00f5es judiciais ou administrativas.<\/p>\n\n\n\n<p>Durante abordagens, o condutor pode quitar d\u00e9bitos para evitar a remo\u00e7\u00e3o do ve\u00edculo, conforme a Lei Estadual 25.070\/2024. A CET-MG tamb\u00e9m suspendeu de forma tempor\u00e1ria a exig\u00eancia de comprova\u00e7\u00e3o exclusiva por sistemas pr\u00f3prios, permitindo sejam aceitos comprovantes alternativos.<\/p>\n","protected":false},"excerpt":{"rendered":"<p>O Governo de Minas, atrav\u00e9s da Coordenadoria Estadual de Gest\u00e3o do Tr\u00e2nsito (CET-MG), antigo Detran-MG, divulgou o calend\u00e1rio de exig\u00eancia do Certificado de Registro e Licenciamento de Ve\u00edculo (CRLV) para 2025. O cronograma varia conforme o final da placa, veja tabela com os prazos abaixo. Placas terminadas com o final Prazo para regularidade 1, 2 [&hellip;]<\/p>\n","protected":false},"author":2,"featured_media":6281,"comment_status":"open","ping_status":"open","sticky":false,"template":"","format":"standard","meta":{"footnotes":""},"categories":[5],"tags":[],"class_list":["post-6280","post","type-post","status-publish","format-standard","has-post-thumbnail","hentry","category-noticias"],"wpmagazine_modules_lite_featured_media_urls":{"thumbnail":["https:\/\/radioclubedeinhapim.com.br\/wp-content\/uploads\/2025\/07\/Copia-de-Inserir-um-subtitulo-2025-07-18T090912.862-150x150.jpg",150,150,true],"cvmm-medium":["https:\/\/radioclubedeinhapim.com.br\/wp-content\/uploads\/2025\/07\/Copia-de-Inserir-um-subtitulo-2025-07-18T090912.862-300x300.jpg",300,300,true],"cvmm-medium-plus":["https:\/\/radioclubedeinhapim.com.br\/wp-content\/uploads\/2025\/07\/Copia-de-Inserir-um-subtitulo-2025-07-18T090912.862-305x207.jpg",305,207,true],"cvmm-portrait":["https:\/\/radioclubedeinhapim.com.br\/wp-content\/uploads\/2025\/07\/Copia-de-Inserir-um-subtitulo-2025-07-18T090912.862-400x600.jpg",400,600,true],"cvmm-medium-square":["https:\/\/radioclubedeinhapim.com.br\/wp-content\/uploads\/2025\/07\/Copia-de-Inserir-um-subtitulo-2025-07-18T090912.862-600x600.jpg",600,600,true],"cvmm-large":["https:\/\/radioclubedeinhapim.com.br\/wp-content\/uploads\/2025\/07\/Copia-de-Inserir-um-subtitulo-2025-07-18T090912.862-1024x1024.jpg",1024,1024,true],"cvmm-small":["https:\/\/radioclubedeinhapim.com.br\/wp-content\/uploads\/2025\/07\/Copia-de-Inserir-um-subtitulo-2025-07-18T090912.862-130x95.jpg",130,95,true],"full":["https:\/\/radioclubedeinhapim.com.br\/wp-content\/uploads\/2025\/07\/Copia-de-Inserir-um-subtitulo-2025-07-18T090912.862.jpg",1080,1080,false]},"categories_names":{"5":{"name":"Not\u00edcias","link":"https:\/\/radioclubedeinhapim.com.br\/index.php\/category\/noticias\/"}},"tags_names":[],"comments_number":"0","_links":{"self":[{"href":"https:\/\/radioclubedeinhapim.com.br\/index.php\/wp-json\/wp\/v2\/posts\/6280","targetHints":{"allow":["GET"]}}],"collection":[{"href":"https:\/\/radioclubedeinhapim.com.br\/index.php\/wp-json\/wp\/v2\/posts"}],"about":[{"href":"https:\/\/radioclubedeinhapim.com.br\/index.php\/wp-json\/wp\/v2\/types\/post"}],"author":[{"embeddable":true,"href":"https:\/\/radioclubedeinhapim.com.br\/index.php\/wp-json\/wp\/v2\/users\/2"}],"replies":[{"embeddable":true,"href":"https:\/\/radioclubedeinhapim.com.br\/index.php\/wp-json\/wp\/v2\/comments?post=6280"}],"version-history":[{"count":1,"href":"https:\/\/radioclubedeinhapim.com.br\/index.php\/wp-json\/wp\/v2\/posts\/6280\/revisions"}],"predecessor-version":[{"id":6282,"href":"https:\/\/radioclubedeinhapim.com.br\/index.php\/wp-json\/wp\/v2\/posts\/6280\/revisions\/6282"}],"wp:featuredmedia":[{"embeddable":true,"href":"https:\/\/radioclubedeinhapim.com.br\/index.php\/wp-json\/wp\/v2\/media\/6281"}],"wp:attachment":[{"href":"https:\/\/radioclubedeinhapim.com.br\/index.php\/wp-json\/wp\/v2\/media?parent=6280"}],"wp:term":[{"taxonomy":"category","embeddable":true,"href":"https:\/\/radioclubedeinhapim.com.br\/index.php\/wp-json\/wp\/v2\/categories?post=6280"},{"taxonomy":"post_tag","embeddable":true,"href":"https:\/\/radioclubedeinhapim.com.br\/index.php\/wp-json\/wp\/v2\/tags?post=6280"}],"curies":[{"name":"wp","href":"https:\/\/api.w.org\/{rel}","templated":true}]}}