{"id":6290,"date":"2025-07-19T09:36:20","date_gmt":"2025-07-19T12:36:20","guid":{"rendered":"https:\/\/radioclubedeinhapim.com.br\/?p=6290"},"modified":"2025-07-19T09:36:20","modified_gmt":"2025-07-19T12:36:20","slug":"quase-600-mil-aderiram-a-acordo-com-inss-por-descontos-indevidos","status":"publish","type":"post","link":"https:\/\/radioclubedeinhapim.com.br\/index.php\/2025\/07\/19\/quase-600-mil-aderiram-a-acordo-com-inss-por-descontos-indevidos\/","title":{"rendered":"Quase 600 mil aderiram a acordo com INSS por descontos indevidos"},"content":{"rendered":"\n<p>Quase 600 mil aposentados e pensionistas aderiram ao acordo com o Instituto Nacional do Seguro Social (INSS) para serem reembolsados pelos descontos ilegais executados entre mar\u00e7o de 2020 e mar\u00e7o de 2025. Segundo o balan\u00e7o mais recente do \u00f3rg\u00e3o,&nbsp;<strong>pouco mais de 582 mil segurados assinaram a ades\u00e3o, o equivalente a 30,4% do total de 1,9 milh\u00e3o de pessoas que informaram ter sido descontadas indevidamente por associa\u00e7\u00f5es e entidades de aposentados.<\/strong><img decoding=\"async\" src=\"https:\/\/agenciabrasil.ebc.com.br\/ebc.png?id=1651313&amp;o=node\"><img decoding=\"async\" src=\"https:\/\/agenciabrasil.ebc.com.br\/ebc.gif?id=1651313&amp;o=node\"><\/p>\n\n\n\n<p><a href=\"https:\/\/www.gov.br\/inss\/pt-br\/centrais-de-conteudo\/imagens\/WhatsAppImage20250718at12.14.05.jpeg\" target=\"_blank\" rel=\"noreferrer noopener\">O INSS forneceu a tabela completa de ades\u00f5es por unidade da Federa\u00e7\u00e3o<\/a>.&nbsp;Os destaques foram S\u00e3o Paulo (114.599 ades\u00f5es), Minas Gerais (57.318), Bahia (55.786) e Rio de Janeiro (55.080). Em rela\u00e7\u00e3o ao percentual de ades\u00e3o, lideram Pernambuco, Rio Grande do Norte, Para\u00edba e Rio Grande do Sul, com \u00edndices superiores a 31%.<\/p>\n\n\n\n<p><a href=\"https:\/\/agenciabrasil.ebc.com.br\/geral\/noticia\/2025-07\/aposentados-tem-ate-14-de-novembro-para-aderir-ao-plano-de-devolucao\" target=\"_blank\" rel=\"noreferrer noopener\">O prazo de ades\u00e3o vai at\u00e9 14 de novembro<\/a>. Quem aderir ao acordo at\u00e9 segunda-feira (21) receber\u00e1 os valores na mesma semana. A ades\u00e3o n\u00e3o exige envio de documentos. O aposentado e pensionista confirmar\u00e1 o acordo que permite o ressarcimento sem precisar entrar na Justi\u00e7a, por via administrativa.<\/p>\n\n\n\n<p><strong><a href=\"https:\/\/agenciabrasil.ebc.com.br\/geral\/noticia\/2025-07\/inss-reembolso-de-desconto-ilegal-come%C3%A7a-dia-24-saiba-como-aderir\" target=\"_blank\" rel=\"noreferrer noopener\">Os pagamentos come\u00e7am na pr\u00f3xima quinta-feira (24)<\/a><\/strong>. O dinheiro ser\u00e1 reembolsado em parcela \u00fanica, com corre\u00e7\u00e3o pelo \u00cdndice Nacional de Pre\u00e7os ao Consumidor Amplo (IPCA), a infla\u00e7\u00e3o oficial, diretamente na conta em que o aposentado ou pensionista recebe o benef\u00edcio.<\/p>\n\n\n\n<p>O pagamento ocorrer\u00e1 por ordem de ades\u00e3o \u2500 quem aderiu primeiro, vai receber primeiro.&nbsp;<a href=\"https:\/\/agenciabrasil.ebc.com.br\/radioagencia-nacional\/economia\/audio\/2025-07\/governo-libera-r33-bilhoes-para-ressarcir-vitimas-de-fraude-no-inss\" target=\"_blank\" rel=\"noreferrer noopener\">O cr\u00e9dito extraordin\u00e1rio de R$ 3,3 bilh\u00f5es, fora das metas fiscais do governo, foi liberado ontem (17) por meio de medida provis\u00f3ria<\/a>.<\/p>\n\n\n\n<p class=\"has-small-font-size\">Ag\u00eancia Brasil<\/p>\n","protected":false},"excerpt":{"rendered":"<p>Quase 600 mil aposentados e pensionistas aderiram ao acordo com o Instituto Nacional do Seguro Social (INSS) para serem reembolsados pelos descontos ilegais executados entre mar\u00e7o de 2020 e mar\u00e7o de 2025. Segundo o balan\u00e7o mais recente do \u00f3rg\u00e3o,&nbsp;pouco mais de 582 mil segurados assinaram a ades\u00e3o, o equivalente a 30,4% do total de 1,9 [&hellip;]<\/p>\n","protected":false},"author":2,"featured_media":6292,"comment_status":"open","ping_status":"open","sticky":false,"template":"","format":"standard","meta":{"footnotes":""},"categories":[5],"tags":[],"class_list":["post-6290","post","type-post","status-publish","format-standard","has-post-thumbnail","hentry","category-noticias"],"wpmagazine_modules_lite_featured_media_urls":{"thumbnail":["https:\/\/radioclubedeinhapim.com.br\/wp-content\/uploads\/2025\/07\/in-150x150.jpg",150,150,true],"cvmm-medium":["https:\/\/radioclubedeinhapim.com.br\/wp-content\/uploads\/2025\/07\/in-300x300.jpg",300,300,true],"cvmm-medium-plus":["https:\/\/radioclubedeinhapim.com.br\/wp-content\/uploads\/2025\/07\/in-305x207.jpg",305,207,true],"cvmm-portrait":["https:\/\/radioclubedeinhapim.com.br\/wp-content\/uploads\/2025\/07\/in-400x600.jpg",400,600,true],"cvmm-medium-square":["https:\/\/radioclubedeinhapim.com.br\/wp-content\/uploads\/2025\/07\/in-600x600.jpg",600,600,true],"cvmm-large":["https:\/\/radioclubedeinhapim.com.br\/wp-content\/uploads\/2025\/07\/in-1024x1024.jpg",1024,1024,true],"cvmm-small":["https:\/\/radioclubedeinhapim.com.br\/wp-content\/uploads\/2025\/07\/in-130x95.jpg",130,95,true],"full":["https:\/\/radioclubedeinhapim.com.br\/wp-content\/uploads\/2025\/07\/in.jpg",1080,1080,false]},"categories_names":{"5":{"name":"Not\u00edcias","link":"https:\/\/radioclubedeinhapim.com.br\/index.php\/category\/noticias\/"}},"tags_names":[],"comments_number":"0","_links":{"self":[{"href":"https:\/\/radioclubedeinhapim.com.br\/index.php\/wp-json\/wp\/v2\/posts\/6290","targetHints":{"allow":["GET"]}}],"collection":[{"href":"https:\/\/radioclubedeinhapim.com.br\/index.php\/wp-json\/wp\/v2\/posts"}],"about":[{"href":"https:\/\/radioclubedeinhapim.com.br\/index.php\/wp-json\/wp\/v2\/types\/post"}],"author":[{"embeddable":true,"href":"https:\/\/radioclubedeinhapim.com.br\/index.php\/wp-json\/wp\/v2\/users\/2"}],"replies":[{"embeddable":true,"href":"https:\/\/radioclubedeinhapim.com.br\/index.php\/wp-json\/wp\/v2\/comments?post=6290"}],"version-history":[{"count":1,"href":"https:\/\/radioclubedeinhapim.com.br\/index.php\/wp-json\/wp\/v2\/posts\/6290\/revisions"}],"predecessor-version":[{"id":6293,"href":"https:\/\/radioclubedeinhapim.com.br\/index.php\/wp-json\/wp\/v2\/posts\/6290\/revisions\/6293"}],"wp:featuredmedia":[{"embeddable":true,"href":"https:\/\/radioclubedeinhapim.com.br\/index.php\/wp-json\/wp\/v2\/media\/6292"}],"wp:attachment":[{"href":"https:\/\/radioclubedeinhapim.com.br\/index.php\/wp-json\/wp\/v2\/media?parent=6290"}],"wp:term":[{"taxonomy":"category","embeddable":true,"href":"https:\/\/radioclubedeinhapim.com.br\/index.php\/wp-json\/wp\/v2\/categories?post=6290"},{"taxonomy":"post_tag","embeddable":true,"href":"https:\/\/radioclubedeinhapim.com.br\/index.php\/wp-json\/wp\/v2\/tags?post=6290"}],"curies":[{"name":"wp","href":"https:\/\/api.w.org\/{rel}","templated":true}]}}