{"id":6350,"date":"2025-07-23T09:48:03","date_gmt":"2025-07-23T12:48:03","guid":{"rendered":"https:\/\/radioclubedeinhapim.com.br\/?p=6350"},"modified":"2025-07-23T09:48:03","modified_gmt":"2025-07-23T12:48:03","slug":"onibus-biarticulado-parte-ao-meio-apos-colisao-com-trem-em-curitiba-e-deixa-11-feridos","status":"publish","type":"post","link":"https:\/\/radioclubedeinhapim.com.br\/index.php\/2025\/07\/23\/onibus-biarticulado-parte-ao-meio-apos-colisao-com-trem-em-curitiba-e-deixa-11-feridos\/","title":{"rendered":"\u00d4nibus biarticulado parte ao meio ap\u00f3s colis\u00e3o com trem em Curitiba e deixa 11 feridos"},"content":{"rendered":"\n<p>Um grave acidente entre um trem e um \u00f4nibus biarticulado deixou pelo menos 11 pessoas feridas por volta das 23h30 de ter\u00e7a-feira (22), na Avenida Paran\u00e1, no bairro Cabral, em Curitiba. Com o impacto, o ve\u00edculo do transporte coletivo partiu ao meio. Veja acima.<\/p>\n\n\n\n<p>Segundo informa\u00e7\u00f5es da RPC, afiliada da TV Globo no Paran\u00e1, no momento da colis\u00e3o n\u00e3o havia passageiros em p\u00e9 na parte central do \u00f4nibus.<\/p>\n\n\n\n<p>Em nota, a Rumo, concession\u00e1ria respons\u00e1vel pela ferrovia, informou que o acidente aconteceu ap\u00f3s o motorista do \u00f4nibus desrespeitar a sinaliza\u00e7\u00e3o e tentar cruzar a linha f\u00e9rrea quando o trem se aproximava.<\/p>\n\n\n\n<p>Das 11 v\u00edtimas, nove foram encaminhadas a hospitais de Curitiba e Regi\u00e3o Metropolitana com ferimentos considerados leves a moderados.<\/p>\n\n\n\n<p>As causas do acidente est\u00e3o sendo investigadas pela pol\u00edcia.<\/p>\n\n\n\n<p>&#8220;O maquinista que acionou a buzina conforme procedimento padr\u00e3o nos cruzamentos com vias municipais, foi surpreendido pela a\u00e7\u00e3o do motorista e acionou os freios de emerg\u00eancia, mas n\u00e3o foi poss\u00edvel parar a tempo devido ao peso e tamanho da composi\u00e7\u00e3o&#8221;, disse a Rumo.<\/p>\n\n\n\n<p>A Rumo informou tamb\u00e9m que acionou equipes de emerg\u00eancia para prestar atendimento \u00e0s v\u00edtimas.<\/p>\n\n\n\n<p>Em nota, a Transporte Coletivo Gl\u00f3ria, respons\u00e1vel pelo \u00f4nibus, informou que havia 25 pessoas no ve\u00edculo. A empresa lamentou o ocorrido.<\/p>\n\n\n\n<p>&#8220;Todos foram prontamente atendidos. As causas do acidente est\u00e3o sendo apuradas. A Transporte Coletivo Gl\u00f3ria lamenta o ocorrido e reitera seu compromisso com a seguran\u00e7a dos passageiros e a qualidade do transporte p\u00fablico&#8221;, finalizou.<\/p>\n\n\n\n<p>A via foi liberada ainda na madrugada desta quarta-feira (23).<\/p>\n","protected":false},"excerpt":{"rendered":"<p>Um grave acidente entre um trem e um \u00f4nibus biarticulado deixou pelo menos 11 pessoas feridas por volta das 23h30 de ter\u00e7a-feira (22), na Avenida Paran\u00e1, no bairro Cabral, em Curitiba. Com o impacto, o ve\u00edculo do transporte coletivo partiu ao meio. Veja acima. Segundo informa\u00e7\u00f5es da RPC, afiliada da TV Globo no Paran\u00e1, no [&hellip;]<\/p>\n","protected":false},"author":2,"featured_media":6351,"comment_status":"open","ping_status":"open","sticky":false,"template":"","format":"standard","meta":{"footnotes":""},"categories":[5],"tags":[],"class_list":["post-6350","post","type-post","status-publish","format-standard","has-post-thumbnail","hentry","category-noticias"],"wpmagazine_modules_lite_featured_media_urls":{"thumbnail":["https:\/\/radioclubedeinhapim.com.br\/wp-content\/uploads\/2025\/07\/Copia-de-Inserir-um-subtitulo-1-1-150x150.jpg",150,150,true],"cvmm-medium":["https:\/\/radioclubedeinhapim.com.br\/wp-content\/uploads\/2025\/07\/Copia-de-Inserir-um-subtitulo-1-1-300x300.jpg",300,300,true],"cvmm-medium-plus":["https:\/\/radioclubedeinhapim.com.br\/wp-content\/uploads\/2025\/07\/Copia-de-Inserir-um-subtitulo-1-1-305x207.jpg",305,207,true],"cvmm-portrait":["https:\/\/radioclubedeinhapim.com.br\/wp-content\/uploads\/2025\/07\/Copia-de-Inserir-um-subtitulo-1-1-400x600.jpg",400,600,true],"cvmm-medium-square":["https:\/\/radioclubedeinhapim.com.br\/wp-content\/uploads\/2025\/07\/Copia-de-Inserir-um-subtitulo-1-1-600x600.jpg",600,600,true],"cvmm-large":["https:\/\/radioclubedeinhapim.com.br\/wp-content\/uploads\/2025\/07\/Copia-de-Inserir-um-subtitulo-1-1-1024x1024.jpg",1024,1024,true],"cvmm-small":["https:\/\/radioclubedeinhapim.com.br\/wp-content\/uploads\/2025\/07\/Copia-de-Inserir-um-subtitulo-1-1-130x95.jpg",130,95,true],"full":["https:\/\/radioclubedeinhapim.com.br\/wp-content\/uploads\/2025\/07\/Copia-de-Inserir-um-subtitulo-1-1.jpg",1080,1080,false]},"categories_names":{"5":{"name":"Not\u00edcias","link":"https:\/\/radioclubedeinhapim.com.br\/index.php\/category\/noticias\/"}},"tags_names":[],"comments_number":"0","_links":{"self":[{"href":"https:\/\/radioclubedeinhapim.com.br\/index.php\/wp-json\/wp\/v2\/posts\/6350","targetHints":{"allow":["GET"]}}],"collection":[{"href":"https:\/\/radioclubedeinhapim.com.br\/index.php\/wp-json\/wp\/v2\/posts"}],"about":[{"href":"https:\/\/radioclubedeinhapim.com.br\/index.php\/wp-json\/wp\/v2\/types\/post"}],"author":[{"embeddable":true,"href":"https:\/\/radioclubedeinhapim.com.br\/index.php\/wp-json\/wp\/v2\/users\/2"}],"replies":[{"embeddable":true,"href":"https:\/\/radioclubedeinhapim.com.br\/index.php\/wp-json\/wp\/v2\/comments?post=6350"}],"version-history":[{"count":1,"href":"https:\/\/radioclubedeinhapim.com.br\/index.php\/wp-json\/wp\/v2\/posts\/6350\/revisions"}],"predecessor-version":[{"id":6352,"href":"https:\/\/radioclubedeinhapim.com.br\/index.php\/wp-json\/wp\/v2\/posts\/6350\/revisions\/6352"}],"wp:featuredmedia":[{"embeddable":true,"href":"https:\/\/radioclubedeinhapim.com.br\/index.php\/wp-json\/wp\/v2\/media\/6351"}],"wp:attachment":[{"href":"https:\/\/radioclubedeinhapim.com.br\/index.php\/wp-json\/wp\/v2\/media?parent=6350"}],"wp:term":[{"taxonomy":"category","embeddable":true,"href":"https:\/\/radioclubedeinhapim.com.br\/index.php\/wp-json\/wp\/v2\/categories?post=6350"},{"taxonomy":"post_tag","embeddable":true,"href":"https:\/\/radioclubedeinhapim.com.br\/index.php\/wp-json\/wp\/v2\/tags?post=6350"}],"curies":[{"name":"wp","href":"https:\/\/api.w.org\/{rel}","templated":true}]}}