{"id":6408,"date":"2025-07-28T16:20:41","date_gmt":"2025-07-28T19:20:41","guid":{"rendered":"https:\/\/radioclubedeinhapim.com.br\/?p=6408"},"modified":"2025-07-28T16:20:41","modified_gmt":"2025-07-28T19:20:41","slug":"brasil-sai-novamente-do-mapa-da-fome-segundo-relatorio-da-onu","status":"publish","type":"post","link":"https:\/\/radioclubedeinhapim.com.br\/index.php\/2025\/07\/28\/brasil-sai-novamente-do-mapa-da-fome-segundo-relatorio-da-onu\/","title":{"rendered":"Brasil sai novamente do Mapa da Fome, segundo relat\u00f3rio da ONU"},"content":{"rendered":"\n<p>O <a><\/a>Brasil saiu novamente do Mapa da Fome, de acordo com relat\u00f3rio divulgado nesta segunda-feira (28) pela Organiza\u00e7\u00e3o das Na\u00e7\u00f5es Unidas (ONU).<\/p>\n\n\n\n<p>Segundo o levantamento, menos de 2,5% da popula\u00e7\u00e3o est\u00e1 em risco de subnutri\u00e7\u00e3o, o que tira o pa\u00eds da categoria de inseguran\u00e7a alimentar grave, ap\u00f3s tr\u00eas anos.<\/p>\n\n\n\n<p>O Mapa da Fome \u00e9 elaborado pela FAO, ag\u00eancia da ONU especializada em Alimenta\u00e7\u00e3o e Agricultura, e mede o acesso da popula\u00e7\u00e3o \u00e0 alimenta\u00e7\u00e3o suficiente para uma vida ativa e saud\u00e1vel.<\/p>\n\n\n\n<p>O an\u00fancio foi feito durante evento oficial da 2\u00aa C\u00fapula de Sistemas Alimentares da ONU, em Adis Abeba, na Eti\u00f3pia.<\/p>\n\n\n\n<p>O Brasil j\u00e1 havia sa\u00eddo da lista de pa\u00edses com fome em 2014. No entanto, ap\u00f3s a an\u00e1lise dos dados de 2018 a 2020, a ONU recolocou o pa\u00eds na categoria, apontando um aumento da inseguran\u00e7a alimentar no per\u00edodo.<\/p>\n\n\n\n<p>A ONU define como desnutrida a pessoa que, habitualmente, consome menos calorias e nutrientes do que o necess\u00e1rio para manter uma vida saud\u00e1vel.<\/p>\n\n\n\n<p><a href=\"https:\/\/www.facebook.com\/photo\/?fbid=1590602795272088&amp;set=a.814962612836114&amp;__cft__[0]=AZVZCUuibAvPNF1fj9lVVW0jDvqFNjwluOaijduQ9COCTuf33TEUOVkbxTH5x4_Mjnv7FyPT5s0zjf-iqjCBbZIxdvw-cCOyMhDbUexqM3ReKNiXSFrWaotMBQPtrauP1sjxEjtWoO4qj_zbqTsX6PT_g4Y5zhNNopyojTapvODwVVBIFObhYzJ2uGNUi8aE-eY&amp;__tn__=EH-R\"><\/a><\/p>\n\n\n\n<p><\/p>\n","protected":false},"excerpt":{"rendered":"<p>O Brasil saiu novamente do Mapa da Fome, de acordo com relat\u00f3rio divulgado nesta segunda-feira (28) pela Organiza\u00e7\u00e3o das Na\u00e7\u00f5es Unidas (ONU). Segundo o levantamento, menos de 2,5% da popula\u00e7\u00e3o est\u00e1 em risco de subnutri\u00e7\u00e3o, o que tira o pa\u00eds da categoria de inseguran\u00e7a alimentar grave, ap\u00f3s tr\u00eas anos. O Mapa da Fome \u00e9 elaborado [&hellip;]<\/p>\n","protected":false},"author":2,"featured_media":6409,"comment_status":"open","ping_status":"open","sticky":false,"template":"","format":"standard","meta":{"footnotes":""},"categories":[5],"tags":[],"class_list":["post-6408","post","type-post","status-publish","format-standard","has-post-thumbnail","hentry","category-noticias"],"wpmagazine_modules_lite_featured_media_urls":{"thumbnail":["https:\/\/radioclubedeinhapim.com.br\/wp-content\/uploads\/2025\/07\/Copia-de-Inserir-um-subtitulo-2025-07-28T162147.307-150x150.jpg",150,150,true],"cvmm-medium":["https:\/\/radioclubedeinhapim.com.br\/wp-content\/uploads\/2025\/07\/Copia-de-Inserir-um-subtitulo-2025-07-28T162147.307-300x300.jpg",300,300,true],"cvmm-medium-plus":["https:\/\/radioclubedeinhapim.com.br\/wp-content\/uploads\/2025\/07\/Copia-de-Inserir-um-subtitulo-2025-07-28T162147.307-305x207.jpg",305,207,true],"cvmm-portrait":["https:\/\/radioclubedeinhapim.com.br\/wp-content\/uploads\/2025\/07\/Copia-de-Inserir-um-subtitulo-2025-07-28T162147.307-400x600.jpg",400,600,true],"cvmm-medium-square":["https:\/\/radioclubedeinhapim.com.br\/wp-content\/uploads\/2025\/07\/Copia-de-Inserir-um-subtitulo-2025-07-28T162147.307-600x600.jpg",600,600,true],"cvmm-large":["https:\/\/radioclubedeinhapim.com.br\/wp-content\/uploads\/2025\/07\/Copia-de-Inserir-um-subtitulo-2025-07-28T162147.307-1024x1024.jpg",1024,1024,true],"cvmm-small":["https:\/\/radioclubedeinhapim.com.br\/wp-content\/uploads\/2025\/07\/Copia-de-Inserir-um-subtitulo-2025-07-28T162147.307-130x95.jpg",130,95,true],"full":["https:\/\/radioclubedeinhapim.com.br\/wp-content\/uploads\/2025\/07\/Copia-de-Inserir-um-subtitulo-2025-07-28T162147.307.jpg",1080,1080,false]},"categories_names":{"5":{"name":"Not\u00edcias","link":"https:\/\/radioclubedeinhapim.com.br\/index.php\/category\/noticias\/"}},"tags_names":[],"comments_number":"0","_links":{"self":[{"href":"https:\/\/radioclubedeinhapim.com.br\/index.php\/wp-json\/wp\/v2\/posts\/6408","targetHints":{"allow":["GET"]}}],"collection":[{"href":"https:\/\/radioclubedeinhapim.com.br\/index.php\/wp-json\/wp\/v2\/posts"}],"about":[{"href":"https:\/\/radioclubedeinhapim.com.br\/index.php\/wp-json\/wp\/v2\/types\/post"}],"author":[{"embeddable":true,"href":"https:\/\/radioclubedeinhapim.com.br\/index.php\/wp-json\/wp\/v2\/users\/2"}],"replies":[{"embeddable":true,"href":"https:\/\/radioclubedeinhapim.com.br\/index.php\/wp-json\/wp\/v2\/comments?post=6408"}],"version-history":[{"count":1,"href":"https:\/\/radioclubedeinhapim.com.br\/index.php\/wp-json\/wp\/v2\/posts\/6408\/revisions"}],"predecessor-version":[{"id":6410,"href":"https:\/\/radioclubedeinhapim.com.br\/index.php\/wp-json\/wp\/v2\/posts\/6408\/revisions\/6410"}],"wp:featuredmedia":[{"embeddable":true,"href":"https:\/\/radioclubedeinhapim.com.br\/index.php\/wp-json\/wp\/v2\/media\/6409"}],"wp:attachment":[{"href":"https:\/\/radioclubedeinhapim.com.br\/index.php\/wp-json\/wp\/v2\/media?parent=6408"}],"wp:term":[{"taxonomy":"category","embeddable":true,"href":"https:\/\/radioclubedeinhapim.com.br\/index.php\/wp-json\/wp\/v2\/categories?post=6408"},{"taxonomy":"post_tag","embeddable":true,"href":"https:\/\/radioclubedeinhapim.com.br\/index.php\/wp-json\/wp\/v2\/tags?post=6408"}],"curies":[{"name":"wp","href":"https:\/\/api.w.org\/{rel}","templated":true}]}}