{"id":644,"date":"2024-07-09T09:52:11","date_gmt":"2024-07-09T12:52:11","guid":{"rendered":"https:\/\/radioclubedeinhapim.com.br\/?p=644"},"modified":"2024-07-09T09:52:11","modified_gmt":"2024-07-09T12:52:11","slug":"acusado-de-matar-influenciador-e-empresario-em-ipatinga-vai-a-juri-popular-nesta-quarta-feira-10","status":"publish","type":"post","link":"https:\/\/radioclubedeinhapim.com.br\/index.php\/2024\/07\/09\/acusado-de-matar-influenciador-e-empresario-em-ipatinga-vai-a-juri-popular-nesta-quarta-feira-10\/","title":{"rendered":"Acusado de matar influenciador e empres\u00e1rio em Ipatinga, vai a j\u00fari popular nesta quarta-feira (10)"},"content":{"rendered":"\n<p>Est\u00e1 marcado para a pr\u00f3xima quarta-feira (10), no f\u00f3rum de Ipatinga, o julgamento do homem acusado de matar o influenciador e empres\u00e1rio Tiago Rodrigues de Brito, de 36 anos, dentro da farm\u00e1cia que era propriet\u00e1rio no bairro Bom Jardim, no dia 15 de agosto de 2023. O j\u00fari popular est\u00e1 marcado para \u00e0s 9h.<\/p>\n\n\n\n<p>O assassinato foi registrado pela c\u00e2mera de circuito de seguran\u00e7a do estabelecimento.<\/p>\n\n\n\n<p>O r\u00e9u confesso do crime, de 42 anos, foi preso em fevereiro deste ano depois de ter ficado foragido no Esp\u00edrito Santo. Ele vai responder por homic\u00eddio triplamente qualificado.<\/p>\n\n\n\n<p>Familiares, amigos e seguidores est\u00e3o organizando uma manifesta\u00e7\u00e3o pedindo justi\u00e7a para o dia do julgamento.<\/p>\n\n\n\n<p>Vestidos com camisas com a frase \u201cJusti\u00e7a por Tiago Brito\u201d e \u201cAssassinado por um desconhecido\u201d, eles convidam outras pessoas para participarem da manifesta\u00e7\u00e3o usando camisa branca.<\/p>\n\n\n\n<p>\u201cQuem for seguidor e quiser estar aqui conosco, venha com uma camisa branca tamb\u00e9m. O que n\u00f3s queremos \u00e9 que a justi\u00e7a seja feita e que o assassino pague pelo que fez, por ter destru\u00eddo as nossas vidas. Temos dois filhos: um adolescente de 16 e uma crian\u00e7a autista de 2 anos, que vem sofrendo muito com a aus\u00eancia do pai, j\u00e1 que era ele quem o acompanhava no tratamento\u201d, disse Lorrane Brito, vi\u00fava da v\u00edtima.<\/p>\n\n\n\n<p>Na tarde do dia 15 de agosto de 2023, Tiago foi morto a tiros dentro da pr\u00f3pria farm\u00e1cia. O assassino entrou na estabelecimento e foi direto na v\u00edtima que tinha acabado de chegar de uma entrega.<\/p>\n\n\n\n<p>A motiva\u00e7\u00e3o do crime teria liga\u00e7\u00e3o com postagens feitas pela v\u00edtima nas redes sociais.<\/p>\n\n\n\n<p>Testemunhas disseram para a pol\u00edcia que antes de atirar no comerciante, o acusado disse: \u201cVou te mostrar como \u00e9 que voc\u00ea fica difamando o outro na rede social\u201d.<\/p>\n\n\n\n<p>Ainda segundo informa\u00e7\u00f5es repassadas por funcion\u00e1rios aos militares, o atirador esteve na farm\u00e1cia por duas vezes, no mesmo dia, procurando Tiago.<\/p>\n\n\n\n<p>G1<\/p>\n\n\n\n<p><\/p>\n","protected":false},"excerpt":{"rendered":"<p>Est\u00e1 marcado para a pr\u00f3xima quarta-feira (10), no f\u00f3rum de Ipatinga, o julgamento do homem acusado de matar o influenciador e empres\u00e1rio Tiago Rodrigues de Brito, de 36 anos, dentro da farm\u00e1cia que era propriet\u00e1rio no bairro Bom Jardim, no dia 15 de agosto de 2023. O j\u00fari popular est\u00e1 marcado para \u00e0s 9h. O [&hellip;]<\/p>\n","protected":false},"author":2,"featured_media":645,"comment_status":"open","ping_status":"open","sticky":false,"template":"","format":"standard","meta":{"footnotes":""},"categories":[5],"tags":[],"class_list":["post-644","post","type-post","status-publish","format-standard","has-post-thumbnail","hentry","category-noticias"],"wpmagazine_modules_lite_featured_media_urls":{"thumbnail":["https:\/\/radioclubedeinhapim.com.br\/wp-content\/uploads\/2024\/07\/Copia-de-Inserir-um-subtitulo-40-150x150.jpg",150,150,true],"cvmm-medium":["https:\/\/radioclubedeinhapim.com.br\/wp-content\/uploads\/2024\/07\/Copia-de-Inserir-um-subtitulo-40-300x300.jpg",300,300,true],"cvmm-medium-plus":["https:\/\/radioclubedeinhapim.com.br\/wp-content\/uploads\/2024\/07\/Copia-de-Inserir-um-subtitulo-40-305x207.jpg",305,207,true],"cvmm-portrait":["https:\/\/radioclubedeinhapim.com.br\/wp-content\/uploads\/2024\/07\/Copia-de-Inserir-um-subtitulo-40-400x600.jpg",400,600,true],"cvmm-medium-square":["https:\/\/radioclubedeinhapim.com.br\/wp-content\/uploads\/2024\/07\/Copia-de-Inserir-um-subtitulo-40-600x600.jpg",600,600,true],"cvmm-large":["https:\/\/radioclubedeinhapim.com.br\/wp-content\/uploads\/2024\/07\/Copia-de-Inserir-um-subtitulo-40-1024x1024.jpg",1024,1024,true],"cvmm-small":["https:\/\/radioclubedeinhapim.com.br\/wp-content\/uploads\/2024\/07\/Copia-de-Inserir-um-subtitulo-40-130x95.jpg",130,95,true],"full":["https:\/\/radioclubedeinhapim.com.br\/wp-content\/uploads\/2024\/07\/Copia-de-Inserir-um-subtitulo-40.jpg",1080,1080,false]},"categories_names":{"5":{"name":"Not\u00edcias","link":"https:\/\/radioclubedeinhapim.com.br\/index.php\/category\/noticias\/"}},"tags_names":[],"comments_number":"0","_links":{"self":[{"href":"https:\/\/radioclubedeinhapim.com.br\/index.php\/wp-json\/wp\/v2\/posts\/644","targetHints":{"allow":["GET"]}}],"collection":[{"href":"https:\/\/radioclubedeinhapim.com.br\/index.php\/wp-json\/wp\/v2\/posts"}],"about":[{"href":"https:\/\/radioclubedeinhapim.com.br\/index.php\/wp-json\/wp\/v2\/types\/post"}],"author":[{"embeddable":true,"href":"https:\/\/radioclubedeinhapim.com.br\/index.php\/wp-json\/wp\/v2\/users\/2"}],"replies":[{"embeddable":true,"href":"https:\/\/radioclubedeinhapim.com.br\/index.php\/wp-json\/wp\/v2\/comments?post=644"}],"version-history":[{"count":1,"href":"https:\/\/radioclubedeinhapim.com.br\/index.php\/wp-json\/wp\/v2\/posts\/644\/revisions"}],"predecessor-version":[{"id":646,"href":"https:\/\/radioclubedeinhapim.com.br\/index.php\/wp-json\/wp\/v2\/posts\/644\/revisions\/646"}],"wp:featuredmedia":[{"embeddable":true,"href":"https:\/\/radioclubedeinhapim.com.br\/index.php\/wp-json\/wp\/v2\/media\/645"}],"wp:attachment":[{"href":"https:\/\/radioclubedeinhapim.com.br\/index.php\/wp-json\/wp\/v2\/media?parent=644"}],"wp:term":[{"taxonomy":"category","embeddable":true,"href":"https:\/\/radioclubedeinhapim.com.br\/index.php\/wp-json\/wp\/v2\/categories?post=644"},{"taxonomy":"post_tag","embeddable":true,"href":"https:\/\/radioclubedeinhapim.com.br\/index.php\/wp-json\/wp\/v2\/tags?post=644"}],"curies":[{"name":"wp","href":"https:\/\/api.w.org\/{rel}","templated":true}]}}