{"id":6458,"date":"2025-08-04T11:49:13","date_gmt":"2025-08-04T14:49:13","guid":{"rendered":"https:\/\/radioclubedeinhapim.com.br\/?p=6458"},"modified":"2025-08-04T11:49:13","modified_gmt":"2025-08-04T14:49:13","slug":"policia-militar-prende-homem-por-porte-ilegal-de-arma-de-fogo-durante-evento-festivo-em-sao-joao-do-jacutinga","status":"publish","type":"post","link":"https:\/\/radioclubedeinhapim.com.br\/index.php\/2025\/08\/04\/policia-militar-prende-homem-por-porte-ilegal-de-arma-de-fogo-durante-evento-festivo-em-sao-joao-do-jacutinga\/","title":{"rendered":"Pol\u00edcia Militar prende homem por porte ilegal de arma de fogo durante evento festivo em S\u00e3o Jo\u00e3o do Jacutinga"},"content":{"rendered":"\n<p>Na madrugada do dia 2 de agosto de 2025, a Pol\u00edcia Militar de Minas Gerias por meio do Sexag\u00e9simo Segundo Batalh\u00e3o de Pol\u00edcia Militar realizou a pris\u00e3o de um homem por porte ilegal de arma de fogo, no distrito de S\u00e3o Jo\u00e3o do Jacutinga, durante policiamento em evento festivo.<\/p>\n\n\n\n<p>A guarni\u00e7\u00e3o recebeu informa\u00e7\u00f5es de que um ve\u00edculo VW Gol, estacionado nas proximidades da Escola Estadual Mary Lucca Chagas, estaria sendo utilizado por um indiv\u00edduo supostamente armado. De imediato, as equipes deslocaram-se ao local e localizaram o referido autom\u00f3vel, com um ocupante em seu interior.<\/p>\n\n\n\n<p>O suspeito foi abordado e submetido \u00e0 busca pessoal, n\u00e3o sendo encontrado nenhum il\u00edcito consigo. Contudo, durante a vistoria no ve\u00edculo, os militares localizaram uma arma de fogo escondida debaixo do banco do carona, al\u00e9m de um coldre.<\/p>\n\n\n\n<p>O autor recebeu voz de pris\u00e3o em flagrante, e a arma foi apreendida. O ve\u00edculo foi removido por estar estacionado sobre a faixa de pedestres e com pend\u00eancias de licenciamento<\/p>\n\n\n\n<p>62\u00ba BPM<\/p>\n","protected":false},"excerpt":{"rendered":"<p>Na madrugada do dia 2 de agosto de 2025, a Pol\u00edcia Militar de Minas Gerias por meio do Sexag\u00e9simo Segundo Batalh\u00e3o de Pol\u00edcia Militar realizou a pris\u00e3o de um homem por porte ilegal de arma de fogo, no distrito de S\u00e3o Jo\u00e3o do Jacutinga, durante policiamento em evento festivo. A guarni\u00e7\u00e3o recebeu informa\u00e7\u00f5es de que [&hellip;]<\/p>\n","protected":false},"author":2,"featured_media":6459,"comment_status":"open","ping_status":"open","sticky":false,"template":"","format":"standard","meta":{"footnotes":""},"categories":[5],"tags":[],"class_list":["post-6458","post","type-post","status-publish","format-standard","has-post-thumbnail","hentry","category-noticias"],"wpmagazine_modules_lite_featured_media_urls":{"thumbnail":["https:\/\/radioclubedeinhapim.com.br\/wp-content\/uploads\/2025\/08\/Copia-de-Inserir-um-subtitulo-2025-08-04T115104.817-150x150.jpg",150,150,true],"cvmm-medium":["https:\/\/radioclubedeinhapim.com.br\/wp-content\/uploads\/2025\/08\/Copia-de-Inserir-um-subtitulo-2025-08-04T115104.817-300x300.jpg",300,300,true],"cvmm-medium-plus":["https:\/\/radioclubedeinhapim.com.br\/wp-content\/uploads\/2025\/08\/Copia-de-Inserir-um-subtitulo-2025-08-04T115104.817-305x207.jpg",305,207,true],"cvmm-portrait":["https:\/\/radioclubedeinhapim.com.br\/wp-content\/uploads\/2025\/08\/Copia-de-Inserir-um-subtitulo-2025-08-04T115104.817-400x600.jpg",400,600,true],"cvmm-medium-square":["https:\/\/radioclubedeinhapim.com.br\/wp-content\/uploads\/2025\/08\/Copia-de-Inserir-um-subtitulo-2025-08-04T115104.817-600x600.jpg",600,600,true],"cvmm-large":["https:\/\/radioclubedeinhapim.com.br\/wp-content\/uploads\/2025\/08\/Copia-de-Inserir-um-subtitulo-2025-08-04T115104.817-1024x1024.jpg",1024,1024,true],"cvmm-small":["https:\/\/radioclubedeinhapim.com.br\/wp-content\/uploads\/2025\/08\/Copia-de-Inserir-um-subtitulo-2025-08-04T115104.817-130x95.jpg",130,95,true],"full":["https:\/\/radioclubedeinhapim.com.br\/wp-content\/uploads\/2025\/08\/Copia-de-Inserir-um-subtitulo-2025-08-04T115104.817.jpg",1080,1080,false]},"categories_names":{"5":{"name":"Not\u00edcias","link":"https:\/\/radioclubedeinhapim.com.br\/index.php\/category\/noticias\/"}},"tags_names":[],"comments_number":"0","_links":{"self":[{"href":"https:\/\/radioclubedeinhapim.com.br\/index.php\/wp-json\/wp\/v2\/posts\/6458","targetHints":{"allow":["GET"]}}],"collection":[{"href":"https:\/\/radioclubedeinhapim.com.br\/index.php\/wp-json\/wp\/v2\/posts"}],"about":[{"href":"https:\/\/radioclubedeinhapim.com.br\/index.php\/wp-json\/wp\/v2\/types\/post"}],"author":[{"embeddable":true,"href":"https:\/\/radioclubedeinhapim.com.br\/index.php\/wp-json\/wp\/v2\/users\/2"}],"replies":[{"embeddable":true,"href":"https:\/\/radioclubedeinhapim.com.br\/index.php\/wp-json\/wp\/v2\/comments?post=6458"}],"version-history":[{"count":1,"href":"https:\/\/radioclubedeinhapim.com.br\/index.php\/wp-json\/wp\/v2\/posts\/6458\/revisions"}],"predecessor-version":[{"id":6460,"href":"https:\/\/radioclubedeinhapim.com.br\/index.php\/wp-json\/wp\/v2\/posts\/6458\/revisions\/6460"}],"wp:featuredmedia":[{"embeddable":true,"href":"https:\/\/radioclubedeinhapim.com.br\/index.php\/wp-json\/wp\/v2\/media\/6459"}],"wp:attachment":[{"href":"https:\/\/radioclubedeinhapim.com.br\/index.php\/wp-json\/wp\/v2\/media?parent=6458"}],"wp:term":[{"taxonomy":"category","embeddable":true,"href":"https:\/\/radioclubedeinhapim.com.br\/index.php\/wp-json\/wp\/v2\/categories?post=6458"},{"taxonomy":"post_tag","embeddable":true,"href":"https:\/\/radioclubedeinhapim.com.br\/index.php\/wp-json\/wp\/v2\/tags?post=6458"}],"curies":[{"name":"wp","href":"https:\/\/api.w.org\/{rel}","templated":true}]}}