{"id":6481,"date":"2025-08-05T11:15:41","date_gmt":"2025-08-05T14:15:41","guid":{"rendered":"https:\/\/radioclubedeinhapim.com.br\/?p=6481"},"modified":"2025-08-05T11:15:41","modified_gmt":"2025-08-05T14:15:41","slug":"prisao-de-bolsonaro-saiba-o-que-ex-presidente-pode-e-nao-pode-fazer-em-regime-domiciliar","status":"publish","type":"post","link":"https:\/\/radioclubedeinhapim.com.br\/index.php\/2025\/08\/05\/prisao-de-bolsonaro-saiba-o-que-ex-presidente-pode-e-nao-pode-fazer-em-regime-domiciliar\/","title":{"rendered":"Pris\u00e3o de Bolsonaro: saiba o que ex-presidente pode e n\u00e3o pode fazer em regime domiciliar"},"content":{"rendered":"\n<p>O ex-presidente Jair Bolsonaro (PL) est\u00e1 em pris\u00e3o domiciliar desde a noite de segunda-feira (4), por ordem do ministro Alexandre de Moraes, do Supremo Tribunal Federal (STF). Nessa modalidade, o investigado cumpre pena em casa e s\u00f3 pode sair com autoriza\u00e7\u00e3o judicial. A decis\u00e3o foi motivada por descumprimento de medidas cautelares: Bolsonaro participou por videochamada das manifesta\u00e7\u00f5es do domingo (3), o que, segundo Moraes, violou as restri\u00e7\u00f5es impostas.<\/p>\n\n\n\n<p>A pris\u00e3o domiciliar imp\u00f5e regras semelhantes \u00e0s do regime fechado: o ex-presidente n\u00e3o pode usar telefone, celular ou internet, gravar v\u00eddeos, tirar fotos ou enviar mensagens. Tamb\u00e9m n\u00e3o pode manter contato com pessoas fora do conv\u00edvio familiar direto. A ex-primeira-dama Michelle Bolsonaro, a filha Laura e a enteada Let\u00edcia, que moram na mesma resid\u00eancia, podem manter contato normalmente. J\u00e1 os filhos Eduardo, Fl\u00e1vio, Carlos e Jair Renan s\u00f3 poder\u00e3o visit\u00e1-lo com autoriza\u00e7\u00e3o judicial.<\/p>\n\n\n\n<p>Segundo a defesa, Bolsonaro nunca foi proibido de dar entrevistas ou discursar em eventos p\u00fablicos, e seguiu \u00e0 risca essa orienta\u00e7\u00e3o. A defesa contesta a decis\u00e3o de Moraes, alegando que o ex-presidente n\u00e3o cometeu irregularidade ao participar das manifesta\u00e7\u00f5es.<\/p>\n\n\n\n<p>Caso precise de atendimento m\u00e9dico, Bolsonaro dever\u00e1 pedir permiss\u00e3o \u00e0 Justi\u00e7a. Em situa\u00e7\u00f5es de emerg\u00eancia, o atendimento pode ser realizado imediatamente, mas ele ter\u00e1 que comprovar a urg\u00eancia depois.<\/p>\n\n\n\n<p>Moraes foi direto: se Bolsonaro descumprir qualquer uma das determina\u00e7\u00f5es, poder\u00e1 ser preso preventivamente e transferido para um pres\u00eddio em regime fechado. A decis\u00e3o refor\u00e7a o cerco jur\u00eddico ao ex-presidente em meio a investiga\u00e7\u00f5es que envolvem sua conduta ap\u00f3s o mandato.<\/p>\n","protected":false},"excerpt":{"rendered":"<p>O ex-presidente Jair Bolsonaro (PL) est\u00e1 em pris\u00e3o domiciliar desde a noite de segunda-feira (4), por ordem do ministro Alexandre de Moraes, do Supremo Tribunal Federal (STF). Nessa modalidade, o investigado cumpre pena em casa e s\u00f3 pode sair com autoriza\u00e7\u00e3o judicial. A decis\u00e3o foi motivada por descumprimento de medidas cautelares: Bolsonaro participou por videochamada [&hellip;]<\/p>\n","protected":false},"author":2,"featured_media":6482,"comment_status":"open","ping_status":"open","sticky":false,"template":"","format":"standard","meta":{"footnotes":""},"categories":[5],"tags":[],"class_list":["post-6481","post","type-post","status-publish","format-standard","has-post-thumbnail","hentry","category-noticias"],"wpmagazine_modules_lite_featured_media_urls":{"thumbnail":["https:\/\/radioclubedeinhapim.com.br\/wp-content\/uploads\/2025\/08\/Copia-de-Inserir-um-subtitulo-2025-08-05T111432.481-150x150.jpg",150,150,true],"cvmm-medium":["https:\/\/radioclubedeinhapim.com.br\/wp-content\/uploads\/2025\/08\/Copia-de-Inserir-um-subtitulo-2025-08-05T111432.481-300x300.jpg",300,300,true],"cvmm-medium-plus":["https:\/\/radioclubedeinhapim.com.br\/wp-content\/uploads\/2025\/08\/Copia-de-Inserir-um-subtitulo-2025-08-05T111432.481-305x207.jpg",305,207,true],"cvmm-portrait":["https:\/\/radioclubedeinhapim.com.br\/wp-content\/uploads\/2025\/08\/Copia-de-Inserir-um-subtitulo-2025-08-05T111432.481-400x600.jpg",400,600,true],"cvmm-medium-square":["https:\/\/radioclubedeinhapim.com.br\/wp-content\/uploads\/2025\/08\/Copia-de-Inserir-um-subtitulo-2025-08-05T111432.481-600x600.jpg",600,600,true],"cvmm-large":["https:\/\/radioclubedeinhapim.com.br\/wp-content\/uploads\/2025\/08\/Copia-de-Inserir-um-subtitulo-2025-08-05T111432.481-1024x1024.jpg",1024,1024,true],"cvmm-small":["https:\/\/radioclubedeinhapim.com.br\/wp-content\/uploads\/2025\/08\/Copia-de-Inserir-um-subtitulo-2025-08-05T111432.481-130x95.jpg",130,95,true],"full":["https:\/\/radioclubedeinhapim.com.br\/wp-content\/uploads\/2025\/08\/Copia-de-Inserir-um-subtitulo-2025-08-05T111432.481.jpg",1080,1080,false]},"categories_names":{"5":{"name":"Not\u00edcias","link":"https:\/\/radioclubedeinhapim.com.br\/index.php\/category\/noticias\/"}},"tags_names":[],"comments_number":"0","_links":{"self":[{"href":"https:\/\/radioclubedeinhapim.com.br\/index.php\/wp-json\/wp\/v2\/posts\/6481","targetHints":{"allow":["GET"]}}],"collection":[{"href":"https:\/\/radioclubedeinhapim.com.br\/index.php\/wp-json\/wp\/v2\/posts"}],"about":[{"href":"https:\/\/radioclubedeinhapim.com.br\/index.php\/wp-json\/wp\/v2\/types\/post"}],"author":[{"embeddable":true,"href":"https:\/\/radioclubedeinhapim.com.br\/index.php\/wp-json\/wp\/v2\/users\/2"}],"replies":[{"embeddable":true,"href":"https:\/\/radioclubedeinhapim.com.br\/index.php\/wp-json\/wp\/v2\/comments?post=6481"}],"version-history":[{"count":1,"href":"https:\/\/radioclubedeinhapim.com.br\/index.php\/wp-json\/wp\/v2\/posts\/6481\/revisions"}],"predecessor-version":[{"id":6483,"href":"https:\/\/radioclubedeinhapim.com.br\/index.php\/wp-json\/wp\/v2\/posts\/6481\/revisions\/6483"}],"wp:featuredmedia":[{"embeddable":true,"href":"https:\/\/radioclubedeinhapim.com.br\/index.php\/wp-json\/wp\/v2\/media\/6482"}],"wp:attachment":[{"href":"https:\/\/radioclubedeinhapim.com.br\/index.php\/wp-json\/wp\/v2\/media?parent=6481"}],"wp:term":[{"taxonomy":"category","embeddable":true,"href":"https:\/\/radioclubedeinhapim.com.br\/index.php\/wp-json\/wp\/v2\/categories?post=6481"},{"taxonomy":"post_tag","embeddable":true,"href":"https:\/\/radioclubedeinhapim.com.br\/index.php\/wp-json\/wp\/v2\/tags?post=6481"}],"curies":[{"name":"wp","href":"https:\/\/api.w.org\/{rel}","templated":true}]}}