{"id":6608,"date":"2025-08-14T15:44:41","date_gmt":"2025-08-14T18:44:41","guid":{"rendered":"https:\/\/radioclubedeinhapim.com.br\/?p=6608"},"modified":"2025-08-14T15:44:41","modified_gmt":"2025-08-14T18:44:41","slug":"trump-diz-que-brasil-e-pessimo-parceiro-comercial-e-chama-processo-contra-bolsonaro-de-execucao-politica","status":"publish","type":"post","link":"https:\/\/radioclubedeinhapim.com.br\/index.php\/2025\/08\/14\/trump-diz-que-brasil-e-pessimo-parceiro-comercial-e-chama-processo-contra-bolsonaro-de-execucao-politica\/","title":{"rendered":"Trump diz que Brasil \u00e9 &#8216;p\u00e9ssimo parceiro comercial&#8217; e chama processo contra Bolsonaro de &#8216;execu\u00e7\u00e3o pol\u00edtica&#8217;"},"content":{"rendered":"\n<p><br>O presidente dos Estados Unidos, Donald Trump, afirmou que o Brasil \u00e9 um &#8220;p\u00e9ssimo parceiro comercial&#8221; e chamou o processo contra o ex-presidente brasileiro Jair Bolsonaro de &#8220;execu\u00e7\u00e3o pol\u00edtica&#8221; em uma conversa com jornalistas na Casa Branca nesta quinta-feira (14).<br><br>O republicano tamb\u00e9m voltou a defender Bolsonaro, como havia feiro em ocasi\u00f5es anteriores, afirmando conhec\u00ea-lo como \u201chomem honesto\u201d que \u201cama o povo brasileiro\u201d e acusando o Judici\u00e1rio de promover \u201cca\u00e7a \u00e0s bruxas\u201d.<br><br>Em julho, enviou carta a Bolsonaro condenando o \u201csistema injusto\u201d e pedindo o fim imediato do processo. A PGR acusa o ex-presidente de liderar organiza\u00e7\u00e3o criminosa para desacreditar o sistema eleitoral e incitar ataques a institui\u00e7\u00f5es; ele nega.<br><br>Relat\u00f3rio do Departamento de Estado dos EUA, sob Trump, diz que os direitos humanos no Brasil \u201cpioraram\u201d, criticando Lula e o ministro do STF Alexandre de Moraes por restringirem a liberdade de express\u00e3o, bloquearem perfis e proibirem temporariamente VPNs. O documento afirma que discursos de apoiadores de Bolsonaro, jornalistas e pol\u00edticos foram suprimidos, muitas vezes em processos secretos. Tamb\u00e9m menciona pris\u00f5es prolongadas de manifestantes do 8 de janeiro sem acusa\u00e7\u00e3o formal.<br><br>O texto relembra fala de Lula, em 2024, comparando a situa\u00e7\u00e3o em Gaza ao Holocausto, repudiada pela Conib. Critica a postura \u201cextrema\u201d do governo brasileiro no conflito do Oriente M\u00e9dio. O relat\u00f3rio, base para parte do tarifa\u00e7o, marca ruptura em rela\u00e7\u00e3o ao de 2024, sob Biden, que considerou as elei\u00e7\u00f5es justas. Servidores do Departamento de Estado afirmam que o relat\u00f3rio de 2025 foi politizado. Trump ainda sancionou Moraes pela Lei Magnitsky, acusando-o de viola\u00e7\u00f5es de direitos humanos.<\/p>\n","protected":false},"excerpt":{"rendered":"<p>O presidente dos Estados Unidos, Donald Trump, afirmou que o Brasil \u00e9 um &#8220;p\u00e9ssimo parceiro comercial&#8221; e chamou o processo contra o ex-presidente brasileiro Jair Bolsonaro de &#8220;execu\u00e7\u00e3o pol\u00edtica&#8221; em uma conversa com jornalistas na Casa Branca nesta quinta-feira (14). O republicano tamb\u00e9m voltou a defender Bolsonaro, como havia feiro em ocasi\u00f5es anteriores, afirmando conhec\u00ea-lo [&hellip;]<\/p>\n","protected":false},"author":2,"featured_media":6609,"comment_status":"open","ping_status":"open","sticky":false,"template":"","format":"standard","meta":{"footnotes":""},"categories":[1],"tags":[],"class_list":["post-6608","post","type-post","status-publish","format-standard","has-post-thumbnail","hentry","category-uncategorized"],"wpmagazine_modules_lite_featured_media_urls":{"thumbnail":["https:\/\/radioclubedeinhapim.com.br\/wp-content\/uploads\/2025\/08\/Copia-de-Inserir-um-subtitulo-3-1-150x150.jpg",150,150,true],"cvmm-medium":["https:\/\/radioclubedeinhapim.com.br\/wp-content\/uploads\/2025\/08\/Copia-de-Inserir-um-subtitulo-3-1-300x300.jpg",300,300,true],"cvmm-medium-plus":["https:\/\/radioclubedeinhapim.com.br\/wp-content\/uploads\/2025\/08\/Copia-de-Inserir-um-subtitulo-3-1-305x207.jpg",305,207,true],"cvmm-portrait":["https:\/\/radioclubedeinhapim.com.br\/wp-content\/uploads\/2025\/08\/Copia-de-Inserir-um-subtitulo-3-1-400x600.jpg",400,600,true],"cvmm-medium-square":["https:\/\/radioclubedeinhapim.com.br\/wp-content\/uploads\/2025\/08\/Copia-de-Inserir-um-subtitulo-3-1-600x600.jpg",600,600,true],"cvmm-large":["https:\/\/radioclubedeinhapim.com.br\/wp-content\/uploads\/2025\/08\/Copia-de-Inserir-um-subtitulo-3-1-1024x1024.jpg",1024,1024,true],"cvmm-small":["https:\/\/radioclubedeinhapim.com.br\/wp-content\/uploads\/2025\/08\/Copia-de-Inserir-um-subtitulo-3-1-130x95.jpg",130,95,true],"full":["https:\/\/radioclubedeinhapim.com.br\/wp-content\/uploads\/2025\/08\/Copia-de-Inserir-um-subtitulo-3-1.jpg",1080,1080,false]},"categories_names":{"1":{"name":"Uncategorized","link":"https:\/\/radioclubedeinhapim.com.br\/index.php\/category\/uncategorized\/"}},"tags_names":[],"comments_number":"0","_links":{"self":[{"href":"https:\/\/radioclubedeinhapim.com.br\/index.php\/wp-json\/wp\/v2\/posts\/6608","targetHints":{"allow":["GET"]}}],"collection":[{"href":"https:\/\/radioclubedeinhapim.com.br\/index.php\/wp-json\/wp\/v2\/posts"}],"about":[{"href":"https:\/\/radioclubedeinhapim.com.br\/index.php\/wp-json\/wp\/v2\/types\/post"}],"author":[{"embeddable":true,"href":"https:\/\/radioclubedeinhapim.com.br\/index.php\/wp-json\/wp\/v2\/users\/2"}],"replies":[{"embeddable":true,"href":"https:\/\/radioclubedeinhapim.com.br\/index.php\/wp-json\/wp\/v2\/comments?post=6608"}],"version-history":[{"count":1,"href":"https:\/\/radioclubedeinhapim.com.br\/index.php\/wp-json\/wp\/v2\/posts\/6608\/revisions"}],"predecessor-version":[{"id":6610,"href":"https:\/\/radioclubedeinhapim.com.br\/index.php\/wp-json\/wp\/v2\/posts\/6608\/revisions\/6610"}],"wp:featuredmedia":[{"embeddable":true,"href":"https:\/\/radioclubedeinhapim.com.br\/index.php\/wp-json\/wp\/v2\/media\/6609"}],"wp:attachment":[{"href":"https:\/\/radioclubedeinhapim.com.br\/index.php\/wp-json\/wp\/v2\/media?parent=6608"}],"wp:term":[{"taxonomy":"category","embeddable":true,"href":"https:\/\/radioclubedeinhapim.com.br\/index.php\/wp-json\/wp\/v2\/categories?post=6608"},{"taxonomy":"post_tag","embeddable":true,"href":"https:\/\/radioclubedeinhapim.com.br\/index.php\/wp-json\/wp\/v2\/tags?post=6608"}],"curies":[{"name":"wp","href":"https:\/\/api.w.org\/{rel}","templated":true}]}}