{"id":6616,"date":"2025-08-15T10:04:31","date_gmt":"2025-08-15T13:04:31","guid":{"rendered":"https:\/\/radioclubedeinhapim.com.br\/?p=6616"},"modified":"2025-08-15T10:12:12","modified_gmt":"2025-08-15T13:12:12","slug":"grave-acidente-em-inhapim-deixa-uma-vitima-fatal-e-motorista-ferido-2","status":"publish","type":"post","link":"https:\/\/radioclubedeinhapim.com.br\/index.php\/2025\/08\/15\/grave-acidente-em-inhapim-deixa-uma-vitima-fatal-e-motorista-ferido-2\/","title":{"rendered":"Grave acidente em Inhapim deixa uma v\u00edtima fatal e motorista ferido"},"content":{"rendered":"\n<p>Um grave acidente registrado na noite desta quinta-feira (14) em Inhapim resultou na morte de Fabr\u00edcia Kellen de Brito, de 29 anos, e deixou o condutor do ve\u00edculo, identificado como Kelvin, gravemente ferido.<\/p>\n\n\n\n<p>De acordo com informa\u00e7\u00f5es da Pol\u00edcia Militar, o carro em que as v\u00edtimas estavam, um Ford Fiesta, seguia pela Rua Osvaldo Silva Ara\u00fajo, quando, em alta velocidade, colidiu violentamente contra o muro da rodovi\u00e1ria municipal. O impacto foi t\u00e3o forte que o motorista ficou preso \u00e0s ferragens, com sangramento intenso, enquanto a passageira foi encontrada inconsciente e com ferimentos graves.<\/p>\n\n\n\n<p>Equipes do SAMU e do Corpo de Bombeiros foram acionadas e trabalharam de forma intensa para socorrer as v\u00edtimas. Apesar dos esfor\u00e7os, Fabr\u00edcia n\u00e3o resistiu e faleceu no local. Kelvin foi encaminhado ao Hospital Nossa Senhora Auxiliadora, em Caratinga, com fraturas no bra\u00e7o e no f\u00eamur, permanecendo internado.<\/p>\n\n\n\n<p>Ainda segundo a Pol\u00edcia Militar, o motorista apresentava sinais de embriaguez, como h\u00e1lito et\u00edlico, fala arrastada e comportamento alterado. Testemunhas relataram que o casal havia sido visto momentos antes consumindo bebidas alco\u00f3licas na Pra\u00e7a das Palmeiras. Pouco antes da colis\u00e3o, o ve\u00edculo teria passado em alt\u00edssima velocidade, feito um retorno pr\u00f3ximo e, ao atravessar uma faixa elevada de pedestres, o condutor perdeu o controle e bateu contra o muro.<\/p>\n\n\n\n<p>Durante a vistoria no carro, foi encontrada uma pequena por\u00e7\u00e3o de maconha. O ve\u00edculo, que estava com documenta\u00e7\u00e3o regular, foi retirado do local por familiares. O caso segue sendo investigado.<\/p>\n\n\n\n<p>A R\u00e1dio Clube manifesta profundo pesar pelo falecimento de Fabr\u00edcia Kellen de Brito e se solidariza com familiares e amigos neste momento de dor.<br>Refor\u00e7amos tamb\u00e9m um alerta especial aos jovens: dirigir sob efeito de \u00e1lcool ou drogas \u00e9 um risco que pode custar vidas. A prud\u00eancia no tr\u00e2nsito \u00e9 fundamental para evitar trag\u00e9dias como esta.<\/p>\n\n\n\n<p><\/p>\n","protected":false},"excerpt":{"rendered":"<p>Um grave acidente registrado na noite desta quinta-feira (14) em Inhapim resultou na morte de Fabr\u00edcia Kellen de Brito, de 29 anos, e deixou o condutor do ve\u00edculo, identificado como Kelvin, gravemente ferido. De acordo com informa\u00e7\u00f5es da Pol\u00edcia Militar, o carro em que as v\u00edtimas estavam, um Ford Fiesta, seguia pela Rua Osvaldo Silva [&hellip;]<\/p>\n","protected":false},"author":2,"featured_media":6620,"comment_status":"open","ping_status":"open","sticky":false,"template":"","format":"standard","meta":{"footnotes":""},"categories":[5,1],"tags":[],"class_list":["post-6616","post","type-post","status-publish","format-standard","has-post-thumbnail","hentry","category-noticias","category-uncategorized"],"wpmagazine_modules_lite_featured_media_urls":{"thumbnail":["https:\/\/radioclubedeinhapim.com.br\/wp-content\/uploads\/2025\/08\/65be094e-bfe8-4b01-9a7b-d81ed33de57b-150x150.jpeg",150,150,true],"cvmm-medium":["https:\/\/radioclubedeinhapim.com.br\/wp-content\/uploads\/2025\/08\/65be094e-bfe8-4b01-9a7b-d81ed33de57b-300x300.jpeg",300,300,true],"cvmm-medium-plus":["https:\/\/radioclubedeinhapim.com.br\/wp-content\/uploads\/2025\/08\/65be094e-bfe8-4b01-9a7b-d81ed33de57b-305x207.jpeg",305,207,true],"cvmm-portrait":["https:\/\/radioclubedeinhapim.com.br\/wp-content\/uploads\/2025\/08\/65be094e-bfe8-4b01-9a7b-d81ed33de57b-400x600.jpeg",400,600,true],"cvmm-medium-square":["https:\/\/radioclubedeinhapim.com.br\/wp-content\/uploads\/2025\/08\/65be094e-bfe8-4b01-9a7b-d81ed33de57b-600x600.jpeg",600,600,true],"cvmm-large":["https:\/\/radioclubedeinhapim.com.br\/wp-content\/uploads\/2025\/08\/65be094e-bfe8-4b01-9a7b-d81ed33de57b-1024x1024.jpeg",1024,1024,true],"cvmm-small":["https:\/\/radioclubedeinhapim.com.br\/wp-content\/uploads\/2025\/08\/65be094e-bfe8-4b01-9a7b-d81ed33de57b-130x95.jpeg",130,95,true],"full":["https:\/\/radioclubedeinhapim.com.br\/wp-content\/uploads\/2025\/08\/65be094e-bfe8-4b01-9a7b-d81ed33de57b.jpeg",1200,1600,false]},"categories_names":{"5":{"name":"Not\u00edcias","link":"https:\/\/radioclubedeinhapim.com.br\/index.php\/category\/noticias\/"},"1":{"name":"Uncategorized","link":"https:\/\/radioclubedeinhapim.com.br\/index.php\/category\/uncategorized\/"}},"tags_names":[],"comments_number":"0","_links":{"self":[{"href":"https:\/\/radioclubedeinhapim.com.br\/index.php\/wp-json\/wp\/v2\/posts\/6616","targetHints":{"allow":["GET"]}}],"collection":[{"href":"https:\/\/radioclubedeinhapim.com.br\/index.php\/wp-json\/wp\/v2\/posts"}],"about":[{"href":"https:\/\/radioclubedeinhapim.com.br\/index.php\/wp-json\/wp\/v2\/types\/post"}],"author":[{"embeddable":true,"href":"https:\/\/radioclubedeinhapim.com.br\/index.php\/wp-json\/wp\/v2\/users\/2"}],"replies":[{"embeddable":true,"href":"https:\/\/radioclubedeinhapim.com.br\/index.php\/wp-json\/wp\/v2\/comments?post=6616"}],"version-history":[{"count":1,"href":"https:\/\/radioclubedeinhapim.com.br\/index.php\/wp-json\/wp\/v2\/posts\/6616\/revisions"}],"predecessor-version":[{"id":6627,"href":"https:\/\/radioclubedeinhapim.com.br\/index.php\/wp-json\/wp\/v2\/posts\/6616\/revisions\/6627"}],"wp:featuredmedia":[{"embeddable":true,"href":"https:\/\/radioclubedeinhapim.com.br\/index.php\/wp-json\/wp\/v2\/media\/6620"}],"wp:attachment":[{"href":"https:\/\/radioclubedeinhapim.com.br\/index.php\/wp-json\/wp\/v2\/media?parent=6616"}],"wp:term":[{"taxonomy":"category","embeddable":true,"href":"https:\/\/radioclubedeinhapim.com.br\/index.php\/wp-json\/wp\/v2\/categories?post=6616"},{"taxonomy":"post_tag","embeddable":true,"href":"https:\/\/radioclubedeinhapim.com.br\/index.php\/wp-json\/wp\/v2\/tags?post=6616"}],"curies":[{"name":"wp","href":"https:\/\/api.w.org\/{rel}","templated":true}]}}