{"id":6916,"date":"2025-09-09T09:26:26","date_gmt":"2025-09-09T12:26:26","guid":{"rendered":"https:\/\/radioclubedeinhapim.com.br\/?p=6916"},"modified":"2025-09-09T09:26:26","modified_gmt":"2025-09-09T12:26:26","slug":"criancas-ameacadas-pela-mae-em-videos-sao-resgatadas-pela-policia-em-governador-valadares","status":"publish","type":"post","link":"https:\/\/radioclubedeinhapim.com.br\/index.php\/2025\/09\/09\/criancas-ameacadas-pela-mae-em-videos-sao-resgatadas-pela-policia-em-governador-valadares\/","title":{"rendered":"Crian\u00e7as amea\u00e7adas pela m\u00e3e em v\u00eddeos s\u00e3o resgatadas pela pol\u00edcia em Governador Valadares"},"content":{"rendered":"\n<p>Tr\u00eas crian\u00e7as, de 2 meses, 1 ano e 3 anos,&nbsp;<a class=\"\" href=\"https:\/\/g1.globo.com\/mg\/vales-mg\/noticia\/2025\/09\/01\/mae-posta-videos-ameacando-filhos-nas-redes-sociais-e-desaparece-com-as-criancas-em-mg.ghtml\">que estavam desaparecidas com a m\u00e3e ap\u00f3s serem amea\u00e7adas em v\u00eddeos publicados nas redes sociais<\/a>, foram resgatadas pela&nbsp;<a class=\"\" href=\"https:\/\/g1.globo.com\/tudo-sobre\/policia-civil\/\">Pol\u00edcia Civil<\/a>, na \u00faltima quinta-feira (4), em&nbsp;<a class=\"\" href=\"https:\/\/g1.globo.com\/mg\/vales-mg\/cidade\/governador-valadares\/\">Governador Valadares<\/a>, no Leste de Minas. A informa\u00e7\u00e3o foi divulgada nesta segunda-feira (8).<\/p>\n\n\n\n<p>Segundo a Pol\u00edcia Civil, o resgate ocorreu durante o cumprimento de mandado de busca e apreens\u00e3o expedido pela Vara da Inf\u00e2ncia e da Juventude, ap\u00f3s representa\u00e7\u00e3o do Minist\u00e9rio P\u00fablico.<\/p>\n\n\n\n<p>As crian\u00e7as estavam sob risco e foram retiradas do conv\u00edvio da m\u00e3e, uma jovem de 22 anos, apontada como autora das amea\u00e7as.<\/p>\n\n\n\n<h2 class=\"wp-block-heading\">Relembre o caso<\/h2>\n\n\n\n<p>O caso ganhou repercuss\u00e3o ap\u00f3s a mulher publicar v\u00eddeos na internet, no final de agosto, amea\u00e7ando agredir os filhos e relatando situa\u00e7\u00f5es de viol\u00eancia. Em um dos trechos, ela chegou a afirmar que j\u00e1 teria machucado uma das crian\u00e7as.<\/p>\n\n\n\n<blockquote class=\"wp-block-quote is-layout-flow wp-block-quote-is-layout-flow\">\n<p>\u201cAntes dessa menina me infartar, eu mato ela. Eu j\u00e1 bati a cabe\u00e7a dela na parede hoje para ela aprender\u201d, disse em uma das grava\u00e7\u00f5es.<\/p>\n<\/blockquote>\n\n\n\n<p>As postagens tamb\u00e9m continham frases ofensivas e insinua\u00e7\u00f5es sobre a crian\u00e7a de 3 anos, al\u00e9m de amea\u00e7as de agress\u00f5es f\u00edsicas com objetos como fia\u00e7\u00e3o el\u00e9trica.<\/p>\n\n\n\n<p>Ap\u00f3s a repercuss\u00e3o, a m\u00e3e deixou a casa onde morava com os filhos e a av\u00f3. A pol\u00edcia foi acionada por um dos pais das crian\u00e7as e iniciou buscas pela localiza\u00e7\u00e3o da fam\u00edlia.<\/p>\n\n\n\n<p>O delegado Cleriston Lopes de Amorim, respons\u00e1vel pelo caso, informou que o objetivo da opera\u00e7\u00e3o foi preservar a integridade f\u00edsica e emocional das crian\u00e7as.<\/p>\n","protected":false},"excerpt":{"rendered":"<p>Tr\u00eas crian\u00e7as, de 2 meses, 1 ano e 3 anos,&nbsp;que estavam desaparecidas com a m\u00e3e ap\u00f3s serem amea\u00e7adas em v\u00eddeos publicados nas redes sociais, foram resgatadas pela&nbsp;Pol\u00edcia Civil, na \u00faltima quinta-feira (4), em&nbsp;Governador Valadares, no Leste de Minas. A informa\u00e7\u00e3o foi divulgada nesta segunda-feira (8). Segundo a Pol\u00edcia Civil, o resgate ocorreu durante o cumprimento [&hellip;]<\/p>\n","protected":false},"author":2,"featured_media":6917,"comment_status":"open","ping_status":"open","sticky":false,"template":"","format":"standard","meta":{"footnotes":""},"categories":[5],"tags":[],"class_list":["post-6916","post","type-post","status-publish","format-standard","has-post-thumbnail","hentry","category-noticias"],"wpmagazine_modules_lite_featured_media_urls":{"thumbnail":["https:\/\/radioclubedeinhapim.com.br\/wp-content\/uploads\/2025\/09\/bb-1-150x150.jpg",150,150,true],"cvmm-medium":["https:\/\/radioclubedeinhapim.com.br\/wp-content\/uploads\/2025\/09\/bb-1-300x300.jpg",300,300,true],"cvmm-medium-plus":["https:\/\/radioclubedeinhapim.com.br\/wp-content\/uploads\/2025\/09\/bb-1-305x207.jpg",305,207,true],"cvmm-portrait":["https:\/\/radioclubedeinhapim.com.br\/wp-content\/uploads\/2025\/09\/bb-1-400x600.jpg",400,600,true],"cvmm-medium-square":["https:\/\/radioclubedeinhapim.com.br\/wp-content\/uploads\/2025\/09\/bb-1-600x600.jpg",600,600,true],"cvmm-large":["https:\/\/radioclubedeinhapim.com.br\/wp-content\/uploads\/2025\/09\/bb-1-1024x1024.jpg",1024,1024,true],"cvmm-small":["https:\/\/radioclubedeinhapim.com.br\/wp-content\/uploads\/2025\/09\/bb-1-130x95.jpg",130,95,true],"full":["https:\/\/radioclubedeinhapim.com.br\/wp-content\/uploads\/2025\/09\/bb-1.jpg",1080,1080,false]},"categories_names":{"5":{"name":"Not\u00edcias","link":"https:\/\/radioclubedeinhapim.com.br\/index.php\/category\/noticias\/"}},"tags_names":[],"comments_number":"0","_links":{"self":[{"href":"https:\/\/radioclubedeinhapim.com.br\/index.php\/wp-json\/wp\/v2\/posts\/6916","targetHints":{"allow":["GET"]}}],"collection":[{"href":"https:\/\/radioclubedeinhapim.com.br\/index.php\/wp-json\/wp\/v2\/posts"}],"about":[{"href":"https:\/\/radioclubedeinhapim.com.br\/index.php\/wp-json\/wp\/v2\/types\/post"}],"author":[{"embeddable":true,"href":"https:\/\/radioclubedeinhapim.com.br\/index.php\/wp-json\/wp\/v2\/users\/2"}],"replies":[{"embeddable":true,"href":"https:\/\/radioclubedeinhapim.com.br\/index.php\/wp-json\/wp\/v2\/comments?post=6916"}],"version-history":[{"count":1,"href":"https:\/\/radioclubedeinhapim.com.br\/index.php\/wp-json\/wp\/v2\/posts\/6916\/revisions"}],"predecessor-version":[{"id":6918,"href":"https:\/\/radioclubedeinhapim.com.br\/index.php\/wp-json\/wp\/v2\/posts\/6916\/revisions\/6918"}],"wp:featuredmedia":[{"embeddable":true,"href":"https:\/\/radioclubedeinhapim.com.br\/index.php\/wp-json\/wp\/v2\/media\/6917"}],"wp:attachment":[{"href":"https:\/\/radioclubedeinhapim.com.br\/index.php\/wp-json\/wp\/v2\/media?parent=6916"}],"wp:term":[{"taxonomy":"category","embeddable":true,"href":"https:\/\/radioclubedeinhapim.com.br\/index.php\/wp-json\/wp\/v2\/categories?post=6916"},{"taxonomy":"post_tag","embeddable":true,"href":"https:\/\/radioclubedeinhapim.com.br\/index.php\/wp-json\/wp\/v2\/tags?post=6916"}],"curies":[{"name":"wp","href":"https:\/\/api.w.org\/{rel}","templated":true}]}}