{"id":6926,"date":"2025-09-10T08:38:50","date_gmt":"2025-09-10T11:38:50","guid":{"rendered":"https:\/\/radioclubedeinhapim.com.br\/?p=6926"},"modified":"2025-09-10T08:38:50","modified_gmt":"2025-09-10T11:38:50","slug":"policia-civil-apreende-r-130-mil-em-operacao-que-investiga-homicidios-e-lavagem-de-dinheiro","status":"publish","type":"post","link":"https:\/\/radioclubedeinhapim.com.br\/index.php\/2025\/09\/10\/policia-civil-apreende-r-130-mil-em-operacao-que-investiga-homicidios-e-lavagem-de-dinheiro\/","title":{"rendered":"Pol\u00edcia Civil apreende R$ 130 mil em opera\u00e7\u00e3o que investiga homic\u00eddios e lavagem de dinheiro"},"content":{"rendered":"\n<p>A&nbsp;<a class=\"\" href=\"https:\/\/g1.globo.com\/tudo-sobre\/policia-civil\/\">Pol\u00edcia Civil<\/a>&nbsp;de Minas Gerais deflagrou nesta ter\u00e7a-feira (9) a Opera\u00e7\u00e3o Ciclo de Sangue, em&nbsp;<a class=\"\" href=\"https:\/\/g1.globo.com\/mg\/vales-mg\/cidade\/governador-valadares\/\">Governador Valadares<\/a>, com o objetivo de investigar a conex\u00e3o entre homic\u00eddios, tr\u00e1fico de drogas e lavagem de dinheiro. A a\u00e7\u00e3o mobilizou cerca de 30 agentes, incluindo 24 policiais civis e quatro delegados, e resultou no cumprimento de oito mandados de busca e apreens\u00e3o em diversos bairros da cidade.<\/p>\n\n\n\n<p>Segundo o delegado respons\u00e1vel pela opera\u00e7\u00e3o, \u201cessa opera\u00e7\u00e3o decorre de duas investiga\u00e7\u00f5es conectadas a crimes de homic\u00eddio, crimes contra a vida\u201d. Ele explicou que as dilig\u00eancias foram realizadas por equipes da Delegacia de Homic\u00eddios, Patrim\u00f4nio, Furtos e Roubos, e que os mandados foram cumpridos em bairros como Vila Isa, JK 1, JK 3 e Santa Rita.<\/p>\n\n\n\n<p>Durante a a\u00e7\u00e3o, foram apreendidos cerca de R$ 130 mil em esp\u00e9cie, al\u00e9m de diversos equipamentos eletr\u00f4nicos, como aparelhos de ar-condicionado, rel\u00f3gios e celulares novos em caixas lacradas.<\/p>\n\n\n\n<blockquote class=\"wp-block-quote is-layout-flow wp-block-quote-is-layout-flow\">\n<p>\u201cEssa apreens\u00e3o de valores em esp\u00e9cie e tamb\u00e9m de objetos dentro de uma resid\u00eancia \u00e9 um indicativo forte que j\u00e1 existia na investiga\u00e7\u00e3o de lavagem de dinheiro\u201d, afirmou o delegado. \u201cNingu\u00e9m tem em casa tantos equipamentos, tantos objetos para venda e tanto dinheiro em esp\u00e9cie.\u201d<\/p>\n<\/blockquote>\n\n\n\n<p>As investiga\u00e7\u00f5es tiveram in\u00edcio h\u00e1 meses. Um dos homic\u00eddios investigados ocorreu em abril, no bairro Vila Isa.<\/p>\n\n\n\n<blockquote class=\"wp-block-quote is-layout-flow wp-block-quote-is-layout-flow\">\n<p>\u201cConseguiu-se apurar que a v\u00edtima e seus familiares estavam conectados ao crime organizado, \u00e0 lavagem de capitais e ao tr\u00e1fico de drogas\u201d, disse o delegado.<\/p>\n<\/blockquote>\n\n\n\n<p>A partir dessas informa\u00e7\u00f5es, a Pol\u00edcia Civil representou ao Judici\u00e1rio, que deferiu os mandados de busca.<\/p>\n","protected":false},"excerpt":{"rendered":"<p>A&nbsp;Pol\u00edcia Civil&nbsp;de Minas Gerais deflagrou nesta ter\u00e7a-feira (9) a Opera\u00e7\u00e3o Ciclo de Sangue, em&nbsp;Governador Valadares, com o objetivo de investigar a conex\u00e3o entre homic\u00eddios, tr\u00e1fico de drogas e lavagem de dinheiro. A a\u00e7\u00e3o mobilizou cerca de 30 agentes, incluindo 24 policiais civis e quatro delegados, e resultou no cumprimento de oito mandados de busca e [&hellip;]<\/p>\n","protected":false},"author":2,"featured_media":6927,"comment_status":"open","ping_status":"open","sticky":false,"template":"","format":"standard","meta":{"footnotes":""},"categories":[5],"tags":[],"class_list":["post-6926","post","type-post","status-publish","format-standard","has-post-thumbnail","hentry","category-noticias"],"wpmagazine_modules_lite_featured_media_urls":{"thumbnail":["https:\/\/radioclubedeinhapim.com.br\/wp-content\/uploads\/2025\/09\/a-6-150x150.jpg",150,150,true],"cvmm-medium":["https:\/\/radioclubedeinhapim.com.br\/wp-content\/uploads\/2025\/09\/a-6-300x300.jpg",300,300,true],"cvmm-medium-plus":["https:\/\/radioclubedeinhapim.com.br\/wp-content\/uploads\/2025\/09\/a-6-305x207.jpg",305,207,true],"cvmm-portrait":["https:\/\/radioclubedeinhapim.com.br\/wp-content\/uploads\/2025\/09\/a-6-400x600.jpg",400,600,true],"cvmm-medium-square":["https:\/\/radioclubedeinhapim.com.br\/wp-content\/uploads\/2025\/09\/a-6-600x600.jpg",600,600,true],"cvmm-large":["https:\/\/radioclubedeinhapim.com.br\/wp-content\/uploads\/2025\/09\/a-6-1024x1024.jpg",1024,1024,true],"cvmm-small":["https:\/\/radioclubedeinhapim.com.br\/wp-content\/uploads\/2025\/09\/a-6-130x95.jpg",130,95,true],"full":["https:\/\/radioclubedeinhapim.com.br\/wp-content\/uploads\/2025\/09\/a-6.jpg",1080,1080,false]},"categories_names":{"5":{"name":"Not\u00edcias","link":"https:\/\/radioclubedeinhapim.com.br\/index.php\/category\/noticias\/"}},"tags_names":[],"comments_number":"0","_links":{"self":[{"href":"https:\/\/radioclubedeinhapim.com.br\/index.php\/wp-json\/wp\/v2\/posts\/6926","targetHints":{"allow":["GET"]}}],"collection":[{"href":"https:\/\/radioclubedeinhapim.com.br\/index.php\/wp-json\/wp\/v2\/posts"}],"about":[{"href":"https:\/\/radioclubedeinhapim.com.br\/index.php\/wp-json\/wp\/v2\/types\/post"}],"author":[{"embeddable":true,"href":"https:\/\/radioclubedeinhapim.com.br\/index.php\/wp-json\/wp\/v2\/users\/2"}],"replies":[{"embeddable":true,"href":"https:\/\/radioclubedeinhapim.com.br\/index.php\/wp-json\/wp\/v2\/comments?post=6926"}],"version-history":[{"count":1,"href":"https:\/\/radioclubedeinhapim.com.br\/index.php\/wp-json\/wp\/v2\/posts\/6926\/revisions"}],"predecessor-version":[{"id":6928,"href":"https:\/\/radioclubedeinhapim.com.br\/index.php\/wp-json\/wp\/v2\/posts\/6926\/revisions\/6928"}],"wp:featuredmedia":[{"embeddable":true,"href":"https:\/\/radioclubedeinhapim.com.br\/index.php\/wp-json\/wp\/v2\/media\/6927"}],"wp:attachment":[{"href":"https:\/\/radioclubedeinhapim.com.br\/index.php\/wp-json\/wp\/v2\/media?parent=6926"}],"wp:term":[{"taxonomy":"category","embeddable":true,"href":"https:\/\/radioclubedeinhapim.com.br\/index.php\/wp-json\/wp\/v2\/categories?post=6926"},{"taxonomy":"post_tag","embeddable":true,"href":"https:\/\/radioclubedeinhapim.com.br\/index.php\/wp-json\/wp\/v2\/tags?post=6926"}],"curies":[{"name":"wp","href":"https:\/\/api.w.org\/{rel}","templated":true}]}}