{"id":6942,"date":"2025-09-11T08:52:48","date_gmt":"2025-09-11T11:52:48","guid":{"rendered":"https:\/\/radioclubedeinhapim.com.br\/?p=6942"},"modified":"2025-09-11T08:52:48","modified_gmt":"2025-09-11T11:52:48","slug":"ministro-luiz-fux-vota-por-absolvicao-de-bolsonaro-em-julgamento-sobre-trama-golpista","status":"publish","type":"post","link":"https:\/\/radioclubedeinhapim.com.br\/index.php\/2025\/09\/11\/ministro-luiz-fux-vota-por-absolvicao-de-bolsonaro-em-julgamento-sobre-trama-golpista\/","title":{"rendered":"Ministro Luiz Fux vota por absolvi\u00e7\u00e3o de Bolsonaro em julgamento sobre trama golpista"},"content":{"rendered":"\n<p>No julgamento da A\u00e7\u00e3o Penal 2668, que apura a suposta participa\u00e7\u00e3o do ex-presidente Jair Bolsonaro e aliados em uma trama para tentativa de golpe de Estado, o ministro Luiz Fux apresentou, nesta quarta-feira (10), um voto divergente dos j\u00e1 proferidos no Supremo Tribunal Federal (STF).<\/p>\n\n\n\n<p>Enquanto Alexandre de Moraes e Fl\u00e1vio Dino votaram pela condena\u00e7\u00e3o de todos os r\u00e9us, Fux defendeu a absolvi\u00e7\u00e3o de Bolsonaro em todos os crimes imputados pela Procuradoria-Geral da Rep\u00fablica. Entre as acusa\u00e7\u00f5es est\u00e3o: organiza\u00e7\u00e3o criminosa armada, tentativa de aboli\u00e7\u00e3o violenta do Estado democr\u00e1tico de direito, golpe de Estado e danos ao patrim\u00f4nio p\u00fablico.<\/p>\n\n\n\n<p>No entendimento do ministro, as provas apresentadas n\u00e3o demonstram que Bolsonaro tenha passado da esfera da <strong>cogita\u00e7\u00e3o<\/strong> para a pr\u00e1tica efetiva de atos golpistas. Fux classificou a chamada \u201cminuta do golpe\u201d como \u201cmera carta de lamenta\u00e7\u00f5es\u201d e considerou que cr\u00edticas ou discursos feitos pelo ex-presidente contra o sistema eleitoral n\u00e3o configuram, por si s\u00f3, crime de aboli\u00e7\u00e3o da ordem democr\u00e1tica.<\/p>\n\n\n\n<p>O magistrado destacou ainda que n\u00e3o h\u00e1 elementos que vinculem Bolsonaro diretamente aos atos de 8 de janeiro de 2023, rejeitando a responsabiliza\u00e7\u00e3o do ex-presidente por a\u00e7\u00f5es praticadas por terceiros. Segundo ele, a den\u00fancia da PGR estaria \u201cdesprendida dos fatos\u201d e sem provas individualizadas.<\/p>\n\n\n\n<p>Apesar de absolver a maioria dos r\u00e9us, Fux votou pela condena\u00e7\u00e3o de dois deles: o ex-ajudante de ordens Mauro Cid e o ex-ministro da Defesa Braga Netto, ambos somente pelo crime de tentativa de aboli\u00e7\u00e3o violenta do Estado Democr\u00e1tico de Direito. Nos demais crimes, eles tamb\u00e9m foram absolvidos.<\/p>\n\n\n\n<p>O ministro criticou ainda pontos processuais, alegando cerceamento de defesa diante da grande quantidade de provas e tempo limitado de an\u00e1lise, al\u00e9m de questionar a compet\u00eancia do STF para julgar determinados atos e r\u00e9us.<\/p>\n\n\n\n<p>Com o voto de Fux, o julgamento segue sem consenso, j\u00e1 que os dois primeiros ministros formaram maioria parcial pela condena\u00e7\u00e3o. A decis\u00e3o final depender\u00e1 dos pr\u00f3ximos votos, incluindo os das ministras C\u00e1rmen L\u00facia e Cristiano Zanin<\/p>\n","protected":false},"excerpt":{"rendered":"<p>No julgamento da A\u00e7\u00e3o Penal 2668, que apura a suposta participa\u00e7\u00e3o do ex-presidente Jair Bolsonaro e aliados em uma trama para tentativa de golpe de Estado, o ministro Luiz Fux apresentou, nesta quarta-feira (10), um voto divergente dos j\u00e1 proferidos no Supremo Tribunal Federal (STF). Enquanto Alexandre de Moraes e Fl\u00e1vio Dino votaram pela condena\u00e7\u00e3o [&hellip;]<\/p>\n","protected":false},"author":2,"featured_media":6943,"comment_status":"open","ping_status":"open","sticky":false,"template":"","format":"standard","meta":{"footnotes":""},"categories":[5],"tags":[],"class_list":["post-6942","post","type-post","status-publish","format-standard","has-post-thumbnail","hentry","category-noticias"],"wpmagazine_modules_lite_featured_media_urls":{"thumbnail":["https:\/\/radioclubedeinhapim.com.br\/wp-content\/uploads\/2025\/09\/000-1-150x150.jpg",150,150,true],"cvmm-medium":["https:\/\/radioclubedeinhapim.com.br\/wp-content\/uploads\/2025\/09\/000-1-300x300.jpg",300,300,true],"cvmm-medium-plus":["https:\/\/radioclubedeinhapim.com.br\/wp-content\/uploads\/2025\/09\/000-1-305x207.jpg",305,207,true],"cvmm-portrait":["https:\/\/radioclubedeinhapim.com.br\/wp-content\/uploads\/2025\/09\/000-1-400x600.jpg",400,600,true],"cvmm-medium-square":["https:\/\/radioclubedeinhapim.com.br\/wp-content\/uploads\/2025\/09\/000-1-600x600.jpg",600,600,true],"cvmm-large":["https:\/\/radioclubedeinhapim.com.br\/wp-content\/uploads\/2025\/09\/000-1-1024x1024.jpg",1024,1024,true],"cvmm-small":["https:\/\/radioclubedeinhapim.com.br\/wp-content\/uploads\/2025\/09\/000-1-130x95.jpg",130,95,true],"full":["https:\/\/radioclubedeinhapim.com.br\/wp-content\/uploads\/2025\/09\/000-1.jpg",1080,1080,false]},"categories_names":{"5":{"name":"Not\u00edcias","link":"https:\/\/radioclubedeinhapim.com.br\/index.php\/category\/noticias\/"}},"tags_names":[],"comments_number":"0","_links":{"self":[{"href":"https:\/\/radioclubedeinhapim.com.br\/index.php\/wp-json\/wp\/v2\/posts\/6942","targetHints":{"allow":["GET"]}}],"collection":[{"href":"https:\/\/radioclubedeinhapim.com.br\/index.php\/wp-json\/wp\/v2\/posts"}],"about":[{"href":"https:\/\/radioclubedeinhapim.com.br\/index.php\/wp-json\/wp\/v2\/types\/post"}],"author":[{"embeddable":true,"href":"https:\/\/radioclubedeinhapim.com.br\/index.php\/wp-json\/wp\/v2\/users\/2"}],"replies":[{"embeddable":true,"href":"https:\/\/radioclubedeinhapim.com.br\/index.php\/wp-json\/wp\/v2\/comments?post=6942"}],"version-history":[{"count":1,"href":"https:\/\/radioclubedeinhapim.com.br\/index.php\/wp-json\/wp\/v2\/posts\/6942\/revisions"}],"predecessor-version":[{"id":6944,"href":"https:\/\/radioclubedeinhapim.com.br\/index.php\/wp-json\/wp\/v2\/posts\/6942\/revisions\/6944"}],"wp:featuredmedia":[{"embeddable":true,"href":"https:\/\/radioclubedeinhapim.com.br\/index.php\/wp-json\/wp\/v2\/media\/6943"}],"wp:attachment":[{"href":"https:\/\/radioclubedeinhapim.com.br\/index.php\/wp-json\/wp\/v2\/media?parent=6942"}],"wp:term":[{"taxonomy":"category","embeddable":true,"href":"https:\/\/radioclubedeinhapim.com.br\/index.php\/wp-json\/wp\/v2\/categories?post=6942"},{"taxonomy":"post_tag","embeddable":true,"href":"https:\/\/radioclubedeinhapim.com.br\/index.php\/wp-json\/wp\/v2\/tags?post=6942"}],"curies":[{"name":"wp","href":"https:\/\/api.w.org\/{rel}","templated":true}]}}