{"id":6948,"date":"2025-09-11T12:02:20","date_gmt":"2025-09-11T15:02:20","guid":{"rendered":"https:\/\/radioclubedeinhapim.com.br\/?p=6948"},"modified":"2025-09-11T12:02:20","modified_gmt":"2025-09-11T15:02:20","slug":"acusado-de-homicidio-em-sao-sebastiao-do-anta-e-preso-no-espirito-santo","status":"publish","type":"post","link":"https:\/\/radioclubedeinhapim.com.br\/index.php\/2025\/09\/11\/acusado-de-homicidio-em-sao-sebastiao-do-anta-e-preso-no-espirito-santo\/","title":{"rendered":"Acusado de homic\u00eddio em S\u00e3o Sebasti\u00e3o do Anta \u00e9 preso no Esp\u00edrito Santo"},"content":{"rendered":"\n<p>O Minist\u00e9rio P\u00fablico de Minas Gerais anunciou a pris\u00e3o do acusado, de 26 anos, realizada na \u00faltima sexta-feira (5) no munic\u00edpio de Serra, no Esp\u00edrito Santo.<\/p>\n\n\n\n<p>Ele \u00e9 apontado como um dos respons\u00e1veis pelo homic\u00eddio de C\u00e9lio Vin\u00edcius de Souza Santos, de 21 anos, ocorrido em setembro de 2024, no centro de S\u00e3o Sebasti\u00e3o do Anta. Na ocasi\u00e3o, a v\u00edtima foi brutalmente agredida e n\u00e3o resistiu aos ferimentos.<\/p>\n\n\n\n<p>Al\u00e9m do homic\u00eddio, o acusado tamb\u00e9m responde por extors\u00e3o e coa\u00e7\u00e3o no curso do processo. Outro envolvido no crime, um jovem de 22 anos, j\u00e1 havia sido preso preventivamente em outubro do ano passado.<\/p>\n\n\n\n<p>O processo segue em tramita\u00e7\u00e3o na Comarca de Inhapim, e, se condenado, o acusado poder\u00e1 cumprir pena de 16 a 40 anos de reclus\u00e3o.<\/p>\n\n\n\n<p>A pris\u00e3o foi considerada uma importante resposta das autoridades no combate \u00e0 criminalidade na regi\u00e3o.<\/p>\n\n\n\n<p><\/p>\n","protected":false},"excerpt":{"rendered":"<p>O Minist\u00e9rio P\u00fablico de Minas Gerais anunciou a pris\u00e3o do acusado, de 26 anos, realizada na \u00faltima sexta-feira (5) no munic\u00edpio de Serra, no Esp\u00edrito Santo. Ele \u00e9 apontado como um dos respons\u00e1veis pelo homic\u00eddio de C\u00e9lio Vin\u00edcius de Souza Santos, de 21 anos, ocorrido em setembro de 2024, no centro de S\u00e3o Sebasti\u00e3o do [&hellip;]<\/p>\n","protected":false},"author":2,"featured_media":6950,"comment_status":"open","ping_status":"open","sticky":false,"template":"","format":"standard","meta":{"footnotes":""},"categories":[5],"tags":[],"class_list":["post-6948","post","type-post","status-publish","format-standard","has-post-thumbnail","hentry","category-noticias"],"wpmagazine_modules_lite_featured_media_urls":{"thumbnail":["https:\/\/radioclubedeinhapim.com.br\/wp-content\/uploads\/2025\/09\/22-150x150.jpg",150,150,true],"cvmm-medium":["https:\/\/radioclubedeinhapim.com.br\/wp-content\/uploads\/2025\/09\/22-300x300.jpg",300,300,true],"cvmm-medium-plus":["https:\/\/radioclubedeinhapim.com.br\/wp-content\/uploads\/2025\/09\/22-305x207.jpg",305,207,true],"cvmm-portrait":["https:\/\/radioclubedeinhapim.com.br\/wp-content\/uploads\/2025\/09\/22-400x600.jpg",400,600,true],"cvmm-medium-square":["https:\/\/radioclubedeinhapim.com.br\/wp-content\/uploads\/2025\/09\/22-600x600.jpg",600,600,true],"cvmm-large":["https:\/\/radioclubedeinhapim.com.br\/wp-content\/uploads\/2025\/09\/22-1024x1024.jpg",1024,1024,true],"cvmm-small":["https:\/\/radioclubedeinhapim.com.br\/wp-content\/uploads\/2025\/09\/22-130x95.jpg",130,95,true],"full":["https:\/\/radioclubedeinhapim.com.br\/wp-content\/uploads\/2025\/09\/22.jpg",1080,1080,false]},"categories_names":{"5":{"name":"Not\u00edcias","link":"https:\/\/radioclubedeinhapim.com.br\/index.php\/category\/noticias\/"}},"tags_names":[],"comments_number":"0","_links":{"self":[{"href":"https:\/\/radioclubedeinhapim.com.br\/index.php\/wp-json\/wp\/v2\/posts\/6948","targetHints":{"allow":["GET"]}}],"collection":[{"href":"https:\/\/radioclubedeinhapim.com.br\/index.php\/wp-json\/wp\/v2\/posts"}],"about":[{"href":"https:\/\/radioclubedeinhapim.com.br\/index.php\/wp-json\/wp\/v2\/types\/post"}],"author":[{"embeddable":true,"href":"https:\/\/radioclubedeinhapim.com.br\/index.php\/wp-json\/wp\/v2\/users\/2"}],"replies":[{"embeddable":true,"href":"https:\/\/radioclubedeinhapim.com.br\/index.php\/wp-json\/wp\/v2\/comments?post=6948"}],"version-history":[{"count":1,"href":"https:\/\/radioclubedeinhapim.com.br\/index.php\/wp-json\/wp\/v2\/posts\/6948\/revisions"}],"predecessor-version":[{"id":6951,"href":"https:\/\/radioclubedeinhapim.com.br\/index.php\/wp-json\/wp\/v2\/posts\/6948\/revisions\/6951"}],"wp:featuredmedia":[{"embeddable":true,"href":"https:\/\/radioclubedeinhapim.com.br\/index.php\/wp-json\/wp\/v2\/media\/6950"}],"wp:attachment":[{"href":"https:\/\/radioclubedeinhapim.com.br\/index.php\/wp-json\/wp\/v2\/media?parent=6948"}],"wp:term":[{"taxonomy":"category","embeddable":true,"href":"https:\/\/radioclubedeinhapim.com.br\/index.php\/wp-json\/wp\/v2\/categories?post=6948"},{"taxonomy":"post_tag","embeddable":true,"href":"https:\/\/radioclubedeinhapim.com.br\/index.php\/wp-json\/wp\/v2\/tags?post=6948"}],"curies":[{"name":"wp","href":"https:\/\/api.w.org\/{rel}","templated":true}]}}