{"id":6958,"date":"2025-09-11T18:57:59","date_gmt":"2025-09-11T21:57:59","guid":{"rendered":"https:\/\/radioclubedeinhapim.com.br\/?p=6958"},"modified":"2025-09-11T18:57:59","modified_gmt":"2025-09-11T21:57:59","slug":"primeira-turma-do-stf-condena-jair-bolsonaro-e-outros-sete-reus-por-trama-golpista","status":"publish","type":"post","link":"https:\/\/radioclubedeinhapim.com.br\/index.php\/2025\/09\/11\/primeira-turma-do-stf-condena-jair-bolsonaro-e-outros-sete-reus-por-trama-golpista\/","title":{"rendered":"Primeira Turma do STF condena Jair Bolsonaro e outros sete r\u00e9us por trama golpista"},"content":{"rendered":"\n<p>A Primeira Turma do Supremo Tribunal Federal (<a class=\"\" href=\"https:\/\/g1.globo.com\/tudo-sobre\/supremo-tribunal-federal\/\">STF<\/a>) decidiu nesta quinta-feira (11), de maneira in\u00e9dita na hist\u00f3ria do pa\u00eds, condenar o ex-presidente&nbsp;<a class=\"\" href=\"https:\/\/g1.globo.com\/politica\/politico\/jair-bolsonaro\/\">Jair Bolsonaro<\/a>&nbsp;(PL) por uma trama golpista.<\/p>\n\n\n\n<p>Com a conclus\u00e3o da an\u00e1lise das condutas de cada r\u00e9u, foram condenados:<\/p>\n\n\n\n<ol class=\"wp-block-list\">\n<li>Jair Bolsonaro, ex-presidente da Rep\u00fablica.<\/li>\n\n\n\n<li><a class=\"\" href=\"https:\/\/g1.globo.com\/tudo-sobre\/alexandre-ramagem\/\">Alexandre Ramagem<\/a>, ex-diretor da Ag\u00eancia Brasileira de Intelig\u00eancia (<a class=\"\" href=\"https:\/\/g1.globo.com\/tudo-sobre\/abin\/\">Abin<\/a>).<\/li>\n\n\n\n<li>Almir Garnier, ex-comandante da Marinha.<\/li>\n\n\n\n<li><a class=\"\" href=\"https:\/\/g1.globo.com\/tudo-sobre\/anderson-torres\/\">Anderson Torres<\/a>, ex-ministro da Justi\u00e7a e ex-secret\u00e1rio de Seguran\u00e7a do Distrito Federal.<\/li>\n\n\n\n<li>Augusto Heleno, ex-ministro do Gabinete de Seguran\u00e7a Institucional.<\/li>\n\n\n\n<li><a class=\"\" href=\"https:\/\/g1.globo.com\/tudo-sobre\/mauro-cid\">Mauro Cid<\/a>, ex-ajudante de ordens da Presid\u00eancia e delator da trama golpista.<\/li>\n\n\n\n<li>Paulo S\u00e9rgio Nogueira, ex-ministro da Defesa.<\/li>\n\n\n\n<li><a class=\"\" href=\"https:\/\/g1.globo.com\/tudo-sobre\/walter-souza-braga-netto\/\">Walter Souza Braga Netto<\/a>, ex-ministro da\u00a0<a class=\"\" href=\"https:\/\/g1.globo.com\/tudo-sobre\/casa-civil\/\">Casa Civil<\/a>.<\/li>\n<\/ol>\n\n\n\n<p>Os ministros ainda precisam discutir a dosimetria, ou seja, o tamanho das penas que ser\u00e3o impostas aos condenados.<\/p>\n\n\n\n<p>A Primeira Turma \u00e9 composta pelos ministros&nbsp;<a class=\"\" href=\"https:\/\/g1.globo.com\/tudo-sobre\/alexandre-de-moraes\/\">Alexandre de Moraes<\/a>&nbsp;(relator),&nbsp;<a class=\"\" href=\"https:\/\/g1.globo.com\/tudo-sobre\/flavio-dino\/\">Fl\u00e1vio Dino<\/a>,&nbsp;<a class=\"\" href=\"https:\/\/g1.globo.com\/tudo-sobre\/luiz-fux\/\">Luiz Fux<\/a>,&nbsp;<a class=\"\" href=\"https:\/\/g1.globo.com\/tudo-sobre\/carmen-lucia\/\">C\u00e1rmen L\u00facia<\/a>&nbsp;e&nbsp;<a class=\"\" href=\"https:\/\/g1.globo.com\/tudo-sobre\/cristiano-zanin\/\">Cristiano Zanin<\/a>, presidente do colegiado.<\/p>\n\n\n\n<h2 class=\"wp-block-heading\">Condenados podem ser presos hoje?<\/h2>\n\n\n\n<p>Conclu\u00eddo o julgamento, os ministros ainda precisam definir o tamanho das penas de cada um dos condenados.<\/p>\n\n\n\n<p>Mesmo depois disso, os advogados ainda podem apresentar embargos, recursos que precisam ser analisados pelo STF antes do in\u00edcio de cumprimento das penas.<\/p>\n\n\n\n<p>Ou seja: mesmo com a condena\u00e7\u00e3o, a pris\u00e3o n\u00e3o \u00e9 imediata. Ela s\u00f3 passa a valer quando o processo estiver conclu\u00eddo, transitado em julgado, e n\u00e3o houver mais possibilidade de recurso.<\/p>\n\n\n\n<p>Vale destacar que o ex-presidente Jair Bolsonaro e Braga Netto est\u00e3o presos preventivamente. Bolsonaro por desobedecer medidas impostas por Moraes. Braga Netto, por obstru\u00e7\u00e3o de Justi\u00e7a.<\/p>\n","protected":false},"excerpt":{"rendered":"<p>A Primeira Turma do Supremo Tribunal Federal (STF) decidiu nesta quinta-feira (11), de maneira in\u00e9dita na hist\u00f3ria do pa\u00eds, condenar o ex-presidente&nbsp;Jair Bolsonaro&nbsp;(PL) por uma trama golpista. Com a conclus\u00e3o da an\u00e1lise das condutas de cada r\u00e9u, foram condenados: Os ministros ainda precisam discutir a dosimetria, ou seja, o tamanho das penas que ser\u00e3o impostas [&hellip;]<\/p>\n","protected":false},"author":2,"featured_media":6959,"comment_status":"open","ping_status":"open","sticky":false,"template":"","format":"standard","meta":{"footnotes":""},"categories":[5],"tags":[],"class_list":["post-6958","post","type-post","status-publish","format-standard","has-post-thumbnail","hentry","category-noticias"],"wpmagazine_modules_lite_featured_media_urls":{"thumbnail":["https:\/\/radioclubedeinhapim.com.br\/wp-content\/uploads\/2025\/09\/Q-150x150.jpg",150,150,true],"cvmm-medium":["https:\/\/radioclubedeinhapim.com.br\/wp-content\/uploads\/2025\/09\/Q-300x300.jpg",300,300,true],"cvmm-medium-plus":["https:\/\/radioclubedeinhapim.com.br\/wp-content\/uploads\/2025\/09\/Q-305x207.jpg",305,207,true],"cvmm-portrait":["https:\/\/radioclubedeinhapim.com.br\/wp-content\/uploads\/2025\/09\/Q-400x600.jpg",400,600,true],"cvmm-medium-square":["https:\/\/radioclubedeinhapim.com.br\/wp-content\/uploads\/2025\/09\/Q-600x600.jpg",600,600,true],"cvmm-large":["https:\/\/radioclubedeinhapim.com.br\/wp-content\/uploads\/2025\/09\/Q-1024x1024.jpg",1024,1024,true],"cvmm-small":["https:\/\/radioclubedeinhapim.com.br\/wp-content\/uploads\/2025\/09\/Q-130x95.jpg",130,95,true],"full":["https:\/\/radioclubedeinhapim.com.br\/wp-content\/uploads\/2025\/09\/Q.jpg",1080,1080,false]},"categories_names":{"5":{"name":"Not\u00edcias","link":"https:\/\/radioclubedeinhapim.com.br\/index.php\/category\/noticias\/"}},"tags_names":[],"comments_number":"0","_links":{"self":[{"href":"https:\/\/radioclubedeinhapim.com.br\/index.php\/wp-json\/wp\/v2\/posts\/6958","targetHints":{"allow":["GET"]}}],"collection":[{"href":"https:\/\/radioclubedeinhapim.com.br\/index.php\/wp-json\/wp\/v2\/posts"}],"about":[{"href":"https:\/\/radioclubedeinhapim.com.br\/index.php\/wp-json\/wp\/v2\/types\/post"}],"author":[{"embeddable":true,"href":"https:\/\/radioclubedeinhapim.com.br\/index.php\/wp-json\/wp\/v2\/users\/2"}],"replies":[{"embeddable":true,"href":"https:\/\/radioclubedeinhapim.com.br\/index.php\/wp-json\/wp\/v2\/comments?post=6958"}],"version-history":[{"count":1,"href":"https:\/\/radioclubedeinhapim.com.br\/index.php\/wp-json\/wp\/v2\/posts\/6958\/revisions"}],"predecessor-version":[{"id":6960,"href":"https:\/\/radioclubedeinhapim.com.br\/index.php\/wp-json\/wp\/v2\/posts\/6958\/revisions\/6960"}],"wp:featuredmedia":[{"embeddable":true,"href":"https:\/\/radioclubedeinhapim.com.br\/index.php\/wp-json\/wp\/v2\/media\/6959"}],"wp:attachment":[{"href":"https:\/\/radioclubedeinhapim.com.br\/index.php\/wp-json\/wp\/v2\/media?parent=6958"}],"wp:term":[{"taxonomy":"category","embeddable":true,"href":"https:\/\/radioclubedeinhapim.com.br\/index.php\/wp-json\/wp\/v2\/categories?post=6958"},{"taxonomy":"post_tag","embeddable":true,"href":"https:\/\/radioclubedeinhapim.com.br\/index.php\/wp-json\/wp\/v2\/tags?post=6958"}],"curies":[{"name":"wp","href":"https:\/\/api.w.org\/{rel}","templated":true}]}}