{"id":7008,"date":"2025-09-16T09:55:36","date_gmt":"2025-09-16T12:55:36","guid":{"rendered":"https:\/\/radioclubedeinhapim.com.br\/?p=7008"},"modified":"2025-09-16T09:55:36","modified_gmt":"2025-09-16T12:55:36","slug":"dia-nacional-do-caminhoneiro-lembra-importancia-da-categoria","status":"publish","type":"post","link":"https:\/\/radioclubedeinhapim.com.br\/index.php\/2025\/09\/16\/dia-nacional-do-caminhoneiro-lembra-importancia-da-categoria\/","title":{"rendered":"Dia Nacional do Caminhoneiro lembra import\u00e2ncia da categoria"},"content":{"rendered":"\n<p><a><\/a>Neste 16 de setembro, o Brasil celebra o Dia Nacional do Caminhoneiro, data institu\u00edda pela Lei n\u00ba 11.927, de 2009, em reconhecimento ao papel desses profissionais, que cruzam o pa\u00eds transportando cargas e conectando regi\u00f5es. A data homenageia aqueles que, mesmo diante de desafios como longas jornadas, infraestrutura prec\u00e1ria e altos custos operacionais, mant\u00eam o fluxo de mercadorias e o abastecimento nacional.<\/p>\n\n\n\n<p>Al\u00e9m da data nacional, existem outras celebra\u00e7\u00f5es locais que refor\u00e7am o reconhecimento \u00e0 categoria, como os dias 30 de junho, comemorado no estado de S\u00e3o Paulo, e 25 de julho, dedicado a S\u00e3o Crist\u00f3v\u00e3o, padroeiro dos motoristas, amplamente celebrado em todo o pa\u00eds com festas e b\u00ean\u00e7\u00e3os nas estradas.<\/p>\n\n\n\n<p>O cotidiano desses profissionais envolve in\u00fameros desafios. De acordo com a Pol\u00edcia Rodovi\u00e1ria Federal, parte dos motoristas excede o limite legal de tempo ao volante, muitas vezes recorrendo a subst\u00e2ncias para permanecer acordados, em condi\u00e7\u00f5es que colocam em risco sua sa\u00fade e a seguran\u00e7a vi\u00e1ria. Diante disso, o governo federal tem implementado pol\u00edticas p\u00fablicas voltadas \u00e0 melhoria das condi\u00e7\u00f5es de trabalho na estrada e \u00e0 valoriza\u00e7\u00e3o da categoria.<\/p>\n\n\n\n<p>Entre as principais iniciativas est\u00e1 a Pol\u00edtica Nacional de Pontos de Parada e Descanso (PPDs), estabelecida pela Portaria n\u00ba 387\/2024 do Minist\u00e9rio dos Transportes. A medida prev\u00ea a implanta\u00e7\u00e3o de estruturas adequadas nas rodovias federais, oferecendo locais seguros com servi\u00e7os b\u00e1sicos de higiene, alimenta\u00e7\u00e3o, seguran\u00e7a e repouso. A pol\u00edtica torna obrigat\u00f3ria a inclus\u00e3o de pelo menos um ponto de parada por contrato de concess\u00e3o em vigor, com estudos de viabilidade sendo conduzidos tamb\u00e9m para rodovias sob gest\u00e3o direta do Departamento Nacional de Infraestrutura de Transportes (DNIT).<\/p>\n\n\n\n<p>Ag\u00eancia Brasil<\/p>\n","protected":false},"excerpt":{"rendered":"<p>Neste 16 de setembro, o Brasil celebra o Dia Nacional do Caminhoneiro, data institu\u00edda pela Lei n\u00ba 11.927, de 2009, em reconhecimento ao papel desses profissionais, que cruzam o pa\u00eds transportando cargas e conectando regi\u00f5es. A data homenageia aqueles que, mesmo diante de desafios como longas jornadas, infraestrutura prec\u00e1ria e altos custos operacionais, mant\u00eam o [&hellip;]<\/p>\n","protected":false},"author":2,"featured_media":7009,"comment_status":"open","ping_status":"open","sticky":false,"template":"","format":"standard","meta":{"footnotes":""},"categories":[5],"tags":[],"class_list":["post-7008","post","type-post","status-publish","format-standard","has-post-thumbnail","hentry","category-noticias"],"wpmagazine_modules_lite_featured_media_urls":{"thumbnail":["https:\/\/radioclubedeinhapim.com.br\/wp-content\/uploads\/2025\/09\/pp-150x150.jpg",150,150,true],"cvmm-medium":["https:\/\/radioclubedeinhapim.com.br\/wp-content\/uploads\/2025\/09\/pp-300x300.jpg",300,300,true],"cvmm-medium-plus":["https:\/\/radioclubedeinhapim.com.br\/wp-content\/uploads\/2025\/09\/pp-305x207.jpg",305,207,true],"cvmm-portrait":["https:\/\/radioclubedeinhapim.com.br\/wp-content\/uploads\/2025\/09\/pp-400x600.jpg",400,600,true],"cvmm-medium-square":["https:\/\/radioclubedeinhapim.com.br\/wp-content\/uploads\/2025\/09\/pp-600x600.jpg",600,600,true],"cvmm-large":["https:\/\/radioclubedeinhapim.com.br\/wp-content\/uploads\/2025\/09\/pp-1024x1024.jpg",1024,1024,true],"cvmm-small":["https:\/\/radioclubedeinhapim.com.br\/wp-content\/uploads\/2025\/09\/pp-130x95.jpg",130,95,true],"full":["https:\/\/radioclubedeinhapim.com.br\/wp-content\/uploads\/2025\/09\/pp.jpg",1080,1080,false]},"categories_names":{"5":{"name":"Not\u00edcias","link":"https:\/\/radioclubedeinhapim.com.br\/index.php\/category\/noticias\/"}},"tags_names":[],"comments_number":"0","_links":{"self":[{"href":"https:\/\/radioclubedeinhapim.com.br\/index.php\/wp-json\/wp\/v2\/posts\/7008","targetHints":{"allow":["GET"]}}],"collection":[{"href":"https:\/\/radioclubedeinhapim.com.br\/index.php\/wp-json\/wp\/v2\/posts"}],"about":[{"href":"https:\/\/radioclubedeinhapim.com.br\/index.php\/wp-json\/wp\/v2\/types\/post"}],"author":[{"embeddable":true,"href":"https:\/\/radioclubedeinhapim.com.br\/index.php\/wp-json\/wp\/v2\/users\/2"}],"replies":[{"embeddable":true,"href":"https:\/\/radioclubedeinhapim.com.br\/index.php\/wp-json\/wp\/v2\/comments?post=7008"}],"version-history":[{"count":1,"href":"https:\/\/radioclubedeinhapim.com.br\/index.php\/wp-json\/wp\/v2\/posts\/7008\/revisions"}],"predecessor-version":[{"id":7010,"href":"https:\/\/radioclubedeinhapim.com.br\/index.php\/wp-json\/wp\/v2\/posts\/7008\/revisions\/7010"}],"wp:featuredmedia":[{"embeddable":true,"href":"https:\/\/radioclubedeinhapim.com.br\/index.php\/wp-json\/wp\/v2\/media\/7009"}],"wp:attachment":[{"href":"https:\/\/radioclubedeinhapim.com.br\/index.php\/wp-json\/wp\/v2\/media?parent=7008"}],"wp:term":[{"taxonomy":"category","embeddable":true,"href":"https:\/\/radioclubedeinhapim.com.br\/index.php\/wp-json\/wp\/v2\/categories?post=7008"},{"taxonomy":"post_tag","embeddable":true,"href":"https:\/\/radioclubedeinhapim.com.br\/index.php\/wp-json\/wp\/v2\/tags?post=7008"}],"curies":[{"name":"wp","href":"https:\/\/api.w.org\/{rel}","templated":true}]}}