{"id":7085,"date":"2025-09-23T09:36:51","date_gmt":"2025-09-23T12:36:51","guid":{"rendered":"https:\/\/radioclubedeinhapim.com.br\/?p=7085"},"modified":"2025-09-23T09:36:51","modified_gmt":"2025-09-23T12:36:51","slug":"justica-condena-homem-a-27-anos-por-homicidio-triplamente-qualificado-em-sao-sebastiao-do-anta","status":"publish","type":"post","link":"https:\/\/radioclubedeinhapim.com.br\/index.php\/2025\/09\/23\/justica-condena-homem-a-27-anos-por-homicidio-triplamente-qualificado-em-sao-sebastiao-do-anta\/","title":{"rendered":"Justi\u00e7a condena homem a 27 anos por homic\u00eddio triplamente qualificado em S\u00e3o Sebasti\u00e3o do Anta"},"content":{"rendered":"\n<p>O Tribunal do J\u00fari da Comarca de Inhapim condenou, nesta segunda-feira (22), Ruan Pablo de Carvalho, 21 anos, a 27 anos de pris\u00e3o pelos crimes de homic\u00eddio triplamente qualificado e amea\u00e7a. O julgamento ocorreu no F\u00f3rum da cidade e contou com a atua\u00e7\u00e3o do promotor de Justi\u00e7a Jonas Junio Linhares Costa Monteiro, da 2\u00aa Promotoria de Justi\u00e7a.<\/p>\n\n\n\n<p>Segundo a den\u00fancia apresentada pelo Minist\u00e9rio P\u00fablico de Minas Gerais (MPMG), os crimes aconteceram em 22 de setembro de 2024, em S\u00e3o Sebasti\u00e3o do Anta. Na ocasi\u00e3o, a v\u00edtima, C\u00e9lio Vin\u00edcius de Souza Santos, de 22 anos, foi espancada at\u00e9 perder a consci\u00eancia e morreu dias depois em decorr\u00eancia das les\u00f5es. <\/p>\n\n\n\n<p>Ainda conforme o processo, os autores obrigaram a v\u00edtima a devolver um cord\u00e3o de prata e, posteriormente, uma testemunha do caso foi amea\u00e7ada. O acusado estava preso preventivamente desde outubro de 2024.<\/p>\n\n\n\n<p>A decis\u00e3o do j\u00fari reconheceu a responsabilidade do r\u00e9u e aplicou a pena de 27 anos de reclus\u00e3o.<\/p>\n\n\n\n<p>Para o promotor de Justi\u00e7a Jonas Junio Linhares Costa Monteiro, \u201ca condena\u00e7\u00e3o reafirma o compromisso do Minist\u00e9rio P\u00fablico e da sociedade com a vida, bem como a necessidade de dar uma resposta firme e exemplar \u00e0 viol\u00eancia brutal praticada\u201d.<\/p>\n","protected":false},"excerpt":{"rendered":"<p>O Tribunal do J\u00fari da Comarca de Inhapim condenou, nesta segunda-feira (22), Ruan Pablo de Carvalho, 21 anos, a 27 anos de pris\u00e3o pelos crimes de homic\u00eddio triplamente qualificado e amea\u00e7a. O julgamento ocorreu no F\u00f3rum da cidade e contou com a atua\u00e7\u00e3o do promotor de Justi\u00e7a Jonas Junio Linhares Costa Monteiro, da 2\u00aa Promotoria [&hellip;]<\/p>\n","protected":false},"author":2,"featured_media":7086,"comment_status":"open","ping_status":"open","sticky":false,"template":"","format":"standard","meta":{"footnotes":""},"categories":[5],"tags":[],"class_list":["post-7085","post","type-post","status-publish","format-standard","has-post-thumbnail","hentry","category-noticias"],"wpmagazine_modules_lite_featured_media_urls":{"thumbnail":["https:\/\/radioclubedeinhapim.com.br\/wp-content\/uploads\/2025\/09\/foru-150x150.jpg",150,150,true],"cvmm-medium":["https:\/\/radioclubedeinhapim.com.br\/wp-content\/uploads\/2025\/09\/foru-300x300.jpg",300,300,true],"cvmm-medium-plus":["https:\/\/radioclubedeinhapim.com.br\/wp-content\/uploads\/2025\/09\/foru-305x207.jpg",305,207,true],"cvmm-portrait":["https:\/\/radioclubedeinhapim.com.br\/wp-content\/uploads\/2025\/09\/foru-400x600.jpg",400,600,true],"cvmm-medium-square":["https:\/\/radioclubedeinhapim.com.br\/wp-content\/uploads\/2025\/09\/foru-600x600.jpg",600,600,true],"cvmm-large":["https:\/\/radioclubedeinhapim.com.br\/wp-content\/uploads\/2025\/09\/foru-1024x1024.jpg",1024,1024,true],"cvmm-small":["https:\/\/radioclubedeinhapim.com.br\/wp-content\/uploads\/2025\/09\/foru-130x95.jpg",130,95,true],"full":["https:\/\/radioclubedeinhapim.com.br\/wp-content\/uploads\/2025\/09\/foru.jpg",1080,1080,false]},"categories_names":{"5":{"name":"Not\u00edcias","link":"https:\/\/radioclubedeinhapim.com.br\/index.php\/category\/noticias\/"}},"tags_names":[],"comments_number":"0","_links":{"self":[{"href":"https:\/\/radioclubedeinhapim.com.br\/index.php\/wp-json\/wp\/v2\/posts\/7085","targetHints":{"allow":["GET"]}}],"collection":[{"href":"https:\/\/radioclubedeinhapim.com.br\/index.php\/wp-json\/wp\/v2\/posts"}],"about":[{"href":"https:\/\/radioclubedeinhapim.com.br\/index.php\/wp-json\/wp\/v2\/types\/post"}],"author":[{"embeddable":true,"href":"https:\/\/radioclubedeinhapim.com.br\/index.php\/wp-json\/wp\/v2\/users\/2"}],"replies":[{"embeddable":true,"href":"https:\/\/radioclubedeinhapim.com.br\/index.php\/wp-json\/wp\/v2\/comments?post=7085"}],"version-history":[{"count":1,"href":"https:\/\/radioclubedeinhapim.com.br\/index.php\/wp-json\/wp\/v2\/posts\/7085\/revisions"}],"predecessor-version":[{"id":7087,"href":"https:\/\/radioclubedeinhapim.com.br\/index.php\/wp-json\/wp\/v2\/posts\/7085\/revisions\/7087"}],"wp:featuredmedia":[{"embeddable":true,"href":"https:\/\/radioclubedeinhapim.com.br\/index.php\/wp-json\/wp\/v2\/media\/7086"}],"wp:attachment":[{"href":"https:\/\/radioclubedeinhapim.com.br\/index.php\/wp-json\/wp\/v2\/media?parent=7085"}],"wp:term":[{"taxonomy":"category","embeddable":true,"href":"https:\/\/radioclubedeinhapim.com.br\/index.php\/wp-json\/wp\/v2\/categories?post=7085"},{"taxonomy":"post_tag","embeddable":true,"href":"https:\/\/radioclubedeinhapim.com.br\/index.php\/wp-json\/wp\/v2\/tags?post=7085"}],"curies":[{"name":"wp","href":"https:\/\/api.w.org\/{rel}","templated":true}]}}