{"id":7118,"date":"2025-09-26T12:00:50","date_gmt":"2025-09-26T15:00:50","guid":{"rendered":"https:\/\/radioclubedeinhapim.com.br\/?p=7118"},"modified":"2025-09-26T12:00:50","modified_gmt":"2025-09-26T15:00:50","slug":"pai-e-condenado-a-45-anos-de-prisao-por-matar-filha-ao-joga-la-da-janela-em-teofilo-otoni","status":"publish","type":"post","link":"https:\/\/radioclubedeinhapim.com.br\/index.php\/2025\/09\/26\/pai-e-condenado-a-45-anos-de-prisao-por-matar-filha-ao-joga-la-da-janela-em-teofilo-otoni\/","title":{"rendered":"Pai \u00e9 condenado a 45 anos de pris\u00e3o por matar filha ao jog\u00e1-la da janela em Te\u00f3filo Otoni"},"content":{"rendered":"\n<p><a><\/a>Foi condenado, nessa quinta-feira (25), em Te\u00f3filo Otoni, o homem acusado de matar a pr\u00f3pria filha rec\u00e9m-nascida ao arremess\u00e1-la pela janela do segundo andar de uma casa, de uma altura de aproximadamente nove metros. O crime aconteceu em maio de 2022, dois dias antes de a beb\u00ea completar dois meses de vida.<\/p>\n\n\n\n<p>O julgamento foi realizado no F\u00f3rum da cidade. A senten\u00e7a foi proferida pelo juiz, que acatou a tese do Minist\u00e9rio P\u00fablico e condenou o r\u00e9u a 45 anos de pris\u00e3o em regime fechado. O homem foi considerado culpado por homic\u00eddio qualificado, com quatro agravantes: motivo torpe, feminic\u00eddio, recurso que dificultou a defesa da v\u00edtima e crime contra menor de 14 anos.<\/p>\n\n\n\n<p>Segundo a Pol\u00edcia Militar, o crime aconteceu durante uma visita do pai \u00e0 casa da m\u00e3e da crian\u00e7a, no bairro Tabajaras. Os dois estavam separados e, durante uma discuss\u00e3o, o homem teria se aproveitado de um momento de distra\u00e7\u00e3o da mulher para arremessar a beb\u00ea pela janela do segundo andar.<\/p>\n\n\n\n<p>Isabel de Aguilar Loesch, de 57 dias, foi socorrida por vizinhos e levada \u00e0 Unidade de Pronto Atendimento (UPA) da cidade, mas n\u00e3o resistiu aos ferimentos. A causa da morte foi traumatismo cr\u00e2nio encef\u00e1lico.<\/p>\n\n\n\n<p>Ap\u00f3s o crime, o acusado fugiu do local, mas ligou para a pol\u00edcia dizendo que queria se entregar por estar arrependido. Ele foi preso em flagrante e encaminhado ao pres\u00eddio de Carlos Chagas, onde permaneceu at\u00e9 o julgamento.<\/p>\n\n\n\n<p>O inqu\u00e9rito foi conclu\u00eddo pela Delegacia de Homic\u00eddios de Te\u00f3filo Otoni em junho de 2022. A delegada H\u00e9rika Ribeiro Sena afirmou que o crime foi premeditado.<\/p>\n\n\n\n<p>\u201cAcreditamos que existiu esse dolo antes do fato, pois no dia do crime ele teve acesso n\u00e3o autorizado \u00e0 resid\u00eancia, onde ficou por um tempo. Ao ser questionado pela m\u00e3e da crian\u00e7a, ele aproveitou um momento de distra\u00e7\u00e3o, subiu na laje e cometeu o crime\u201d, disse \u00e0 \u00e9poca.<\/p>\n\n\n\n<p>Al\u00e9m do homic\u00eddio, o r\u00e9u tamb\u00e9m foi indiciado por inj\u00faria e amea\u00e7a contra a m\u00e3e da crian\u00e7a, com base em medidas protetivas solicitadas pela mulher.<\/p>\n\n\n\n<p>Informa\u00e7\u00f5es: G1<\/p>\n","protected":false},"excerpt":{"rendered":"<p>Foi condenado, nessa quinta-feira (25), em Te\u00f3filo Otoni, o homem acusado de matar a pr\u00f3pria filha rec\u00e9m-nascida ao arremess\u00e1-la pela janela do segundo andar de uma casa, de uma altura de aproximadamente nove metros. O crime aconteceu em maio de 2022, dois dias antes de a beb\u00ea completar dois meses de vida. O julgamento foi [&hellip;]<\/p>\n","protected":false},"author":2,"featured_media":7119,"comment_status":"open","ping_status":"open","sticky":false,"template":"","format":"standard","meta":{"footnotes":""},"categories":[5],"tags":[],"class_list":["post-7118","post","type-post","status-publish","format-standard","has-post-thumbnail","hentry","category-noticias"],"wpmagazine_modules_lite_featured_media_urls":{"thumbnail":["https:\/\/radioclubedeinhapim.com.br\/wp-content\/uploads\/2025\/09\/cc-1-150x150.jpg",150,150,true],"cvmm-medium":["https:\/\/radioclubedeinhapim.com.br\/wp-content\/uploads\/2025\/09\/cc-1-300x300.jpg",300,300,true],"cvmm-medium-plus":["https:\/\/radioclubedeinhapim.com.br\/wp-content\/uploads\/2025\/09\/cc-1-305x207.jpg",305,207,true],"cvmm-portrait":["https:\/\/radioclubedeinhapim.com.br\/wp-content\/uploads\/2025\/09\/cc-1-400x600.jpg",400,600,true],"cvmm-medium-square":["https:\/\/radioclubedeinhapim.com.br\/wp-content\/uploads\/2025\/09\/cc-1-600x600.jpg",600,600,true],"cvmm-large":["https:\/\/radioclubedeinhapim.com.br\/wp-content\/uploads\/2025\/09\/cc-1-1024x1024.jpg",1024,1024,true],"cvmm-small":["https:\/\/radioclubedeinhapim.com.br\/wp-content\/uploads\/2025\/09\/cc-1-130x95.jpg",130,95,true],"full":["https:\/\/radioclubedeinhapim.com.br\/wp-content\/uploads\/2025\/09\/cc-1.jpg",1080,1080,false]},"categories_names":{"5":{"name":"Not\u00edcias","link":"https:\/\/radioclubedeinhapim.com.br\/index.php\/category\/noticias\/"}},"tags_names":[],"comments_number":"0","_links":{"self":[{"href":"https:\/\/radioclubedeinhapim.com.br\/index.php\/wp-json\/wp\/v2\/posts\/7118","targetHints":{"allow":["GET"]}}],"collection":[{"href":"https:\/\/radioclubedeinhapim.com.br\/index.php\/wp-json\/wp\/v2\/posts"}],"about":[{"href":"https:\/\/radioclubedeinhapim.com.br\/index.php\/wp-json\/wp\/v2\/types\/post"}],"author":[{"embeddable":true,"href":"https:\/\/radioclubedeinhapim.com.br\/index.php\/wp-json\/wp\/v2\/users\/2"}],"replies":[{"embeddable":true,"href":"https:\/\/radioclubedeinhapim.com.br\/index.php\/wp-json\/wp\/v2\/comments?post=7118"}],"version-history":[{"count":1,"href":"https:\/\/radioclubedeinhapim.com.br\/index.php\/wp-json\/wp\/v2\/posts\/7118\/revisions"}],"predecessor-version":[{"id":7120,"href":"https:\/\/radioclubedeinhapim.com.br\/index.php\/wp-json\/wp\/v2\/posts\/7118\/revisions\/7120"}],"wp:featuredmedia":[{"embeddable":true,"href":"https:\/\/radioclubedeinhapim.com.br\/index.php\/wp-json\/wp\/v2\/media\/7119"}],"wp:attachment":[{"href":"https:\/\/radioclubedeinhapim.com.br\/index.php\/wp-json\/wp\/v2\/media?parent=7118"}],"wp:term":[{"taxonomy":"category","embeddable":true,"href":"https:\/\/radioclubedeinhapim.com.br\/index.php\/wp-json\/wp\/v2\/categories?post=7118"},{"taxonomy":"post_tag","embeddable":true,"href":"https:\/\/radioclubedeinhapim.com.br\/index.php\/wp-json\/wp\/v2\/tags?post=7118"}],"curies":[{"name":"wp","href":"https:\/\/api.w.org\/{rel}","templated":true}]}}