{"id":7143,"date":"2025-09-30T09:44:21","date_gmt":"2025-09-30T12:44:21","guid":{"rendered":"https:\/\/radioclubedeinhapim.com.br\/?p=7143"},"modified":"2025-09-30T09:44:21","modified_gmt":"2025-09-30T12:44:21","slug":"grande-sao-paulo-tem-3a-morte-por-suspeita-de-intoxicacao-por-metanol","status":"publish","type":"post","link":"https:\/\/radioclubedeinhapim.com.br\/index.php\/2025\/09\/30\/grande-sao-paulo-tem-3a-morte-por-suspeita-de-intoxicacao-por-metanol\/","title":{"rendered":"Grande S\u00e3o Paulo tem 3\u00aa morte por suspeita de intoxica\u00e7\u00e3o por metanol"},"content":{"rendered":"\n<p>A terceira morte na Grande S\u00e3o Paulo por suspeita de consumo de bebidas contaminadas por metanol foi confirmada nesta segunda-feira (29) pela Prefeitura de S\u00e3o Bernardo do Campo. Trata-se do segundo caso fatal na cidade. Um outro \u00f3bito foi registrado na capital paulista.<\/p>\n\n\n\n<p>Pela nota da prefeitura de S\u00e3o Bernardo, um homem de 45 anos morreu no s\u00e1bado (27) ap\u00f3s ter sido atendido em hospital particular. Outro homem morreu em 24 de setembro, ap\u00f3s atendimento no hospital de urg\u00eancia da cidade.<\/p>\n\n\n\n<p>Ainda segundo a nota, o Instituto M\u00e9dico Legal da cidade investiga se a causa das mortes foi realmente a contamina\u00e7\u00e3o pelo metanol.<\/p>\n\n\n\n<p>J\u00e1 a prefeitura de S\u00e3o Paulo, por meio da Coordenadoria de Vigil\u00e2ncia em Sa\u00fade (Covisa), da Secretaria Municipal de Sa\u00fade, disse em nota que est\u00e1 monitorando o cen\u00e1rio de intoxica\u00e7\u00e3o.<\/p>\n\n\n\n<p>Segundo a prefeitura, os profissionais do Centro de Controle de Intoxica\u00e7\u00f5es (CCI-SP) est\u00e3o orientados a fazerem o reconhecimento de sinais e sintomas, \u201cvisando diagn\u00f3sticos e tratamento r\u00e1pidos, assim como notifica\u00e7\u00e3o dos casos suspeitos\u201d.<\/p>\n\n\n\n<p>A prefeitura informou que este ano foram registrados 14 casos suspeitos de intoxica\u00e7\u00e3o por metanol ap\u00f3s o consumo de bebida adulterada. O \u00f3bito registrado na cidade foi de um homem de 54 anos, da regi\u00e3o da Mooca, morto no dia 15 deste m\u00eas.<\/p>\n\n\n\n<p class=\"has-small-font-size\">Ag\u00eancia Brasil<\/p>\n","protected":false},"excerpt":{"rendered":"<p>A terceira morte na Grande S\u00e3o Paulo por suspeita de consumo de bebidas contaminadas por metanol foi confirmada nesta segunda-feira (29) pela Prefeitura de S\u00e3o Bernardo do Campo. Trata-se do segundo caso fatal na cidade. Um outro \u00f3bito foi registrado na capital paulista. Pela nota da prefeitura de S\u00e3o Bernardo, um homem de 45 anos [&hellip;]<\/p>\n","protected":false},"author":2,"featured_media":7144,"comment_status":"open","ping_status":"open","sticky":false,"template":"","format":"standard","meta":{"footnotes":""},"categories":[5],"tags":[],"class_list":["post-7143","post","type-post","status-publish","format-standard","has-post-thumbnail","hentry","category-noticias"],"wpmagazine_modules_lite_featured_media_urls":{"thumbnail":["https:\/\/radioclubedeinhapim.com.br\/wp-content\/uploads\/2025\/09\/bb-2-150x150.jpg",150,150,true],"cvmm-medium":["https:\/\/radioclubedeinhapim.com.br\/wp-content\/uploads\/2025\/09\/bb-2-300x300.jpg",300,300,true],"cvmm-medium-plus":["https:\/\/radioclubedeinhapim.com.br\/wp-content\/uploads\/2025\/09\/bb-2-305x207.jpg",305,207,true],"cvmm-portrait":["https:\/\/radioclubedeinhapim.com.br\/wp-content\/uploads\/2025\/09\/bb-2-400x600.jpg",400,600,true],"cvmm-medium-square":["https:\/\/radioclubedeinhapim.com.br\/wp-content\/uploads\/2025\/09\/bb-2-600x600.jpg",600,600,true],"cvmm-large":["https:\/\/radioclubedeinhapim.com.br\/wp-content\/uploads\/2025\/09\/bb-2-1024x1024.jpg",1024,1024,true],"cvmm-small":["https:\/\/radioclubedeinhapim.com.br\/wp-content\/uploads\/2025\/09\/bb-2-130x95.jpg",130,95,true],"full":["https:\/\/radioclubedeinhapim.com.br\/wp-content\/uploads\/2025\/09\/bb-2.jpg",1080,1080,false]},"categories_names":{"5":{"name":"Not\u00edcias","link":"https:\/\/radioclubedeinhapim.com.br\/index.php\/category\/noticias\/"}},"tags_names":[],"comments_number":"0","_links":{"self":[{"href":"https:\/\/radioclubedeinhapim.com.br\/index.php\/wp-json\/wp\/v2\/posts\/7143","targetHints":{"allow":["GET"]}}],"collection":[{"href":"https:\/\/radioclubedeinhapim.com.br\/index.php\/wp-json\/wp\/v2\/posts"}],"about":[{"href":"https:\/\/radioclubedeinhapim.com.br\/index.php\/wp-json\/wp\/v2\/types\/post"}],"author":[{"embeddable":true,"href":"https:\/\/radioclubedeinhapim.com.br\/index.php\/wp-json\/wp\/v2\/users\/2"}],"replies":[{"embeddable":true,"href":"https:\/\/radioclubedeinhapim.com.br\/index.php\/wp-json\/wp\/v2\/comments?post=7143"}],"version-history":[{"count":1,"href":"https:\/\/radioclubedeinhapim.com.br\/index.php\/wp-json\/wp\/v2\/posts\/7143\/revisions"}],"predecessor-version":[{"id":7145,"href":"https:\/\/radioclubedeinhapim.com.br\/index.php\/wp-json\/wp\/v2\/posts\/7143\/revisions\/7145"}],"wp:featuredmedia":[{"embeddable":true,"href":"https:\/\/radioclubedeinhapim.com.br\/index.php\/wp-json\/wp\/v2\/media\/7144"}],"wp:attachment":[{"href":"https:\/\/radioclubedeinhapim.com.br\/index.php\/wp-json\/wp\/v2\/media?parent=7143"}],"wp:term":[{"taxonomy":"category","embeddable":true,"href":"https:\/\/radioclubedeinhapim.com.br\/index.php\/wp-json\/wp\/v2\/categories?post=7143"},{"taxonomy":"post_tag","embeddable":true,"href":"https:\/\/radioclubedeinhapim.com.br\/index.php\/wp-json\/wp\/v2\/tags?post=7143"}],"curies":[{"name":"wp","href":"https:\/\/api.w.org\/{rel}","templated":true}]}}