{"id":722,"date":"2024-07-15T11:21:24","date_gmt":"2024-07-15T14:21:24","guid":{"rendered":"https:\/\/radioclubedeinhapim.com.br\/?p=722"},"modified":"2024-07-15T11:21:24","modified_gmt":"2024-07-15T14:21:24","slug":"biden-se-pronuncia-sobre-tiroteio-no-comicio-de-trump","status":"publish","type":"post","link":"https:\/\/radioclubedeinhapim.com.br\/index.php\/2024\/07\/15\/biden-se-pronuncia-sobre-tiroteio-no-comicio-de-trump\/","title":{"rendered":"Biden se pronuncia sobre tiroteio no com\u00edcio de Trump"},"content":{"rendered":"\n<p>O presidente americano Joe Biden se pronunciou sobre o incidente no com\u00edcio de Donald Trump.<\/p>\n\n\n\n<p>O candidato republicado foi ferido na cabe\u00e7a durante um aparente ataque a tiros em Butler, na Pensilv\u00e2nia, na tarde deste s\u00e1bado, 13. Ele foi levado a um hospital e est\u00e1 em boas condi\u00e7\u00f5es, segundo seu porta-voz.<\/p>\n\n\n\n<p><a><\/a>&#8221;Fui informado sobre o tiroteio no com\u00edcio de Donald Trump na Pensilv\u00e2nia.<\/p>\n\n\n\n<p>Estou grato em saber que ele est\u00e1 seguro e bem. Estou rezando por ele e sua fam\u00edlia e por todos aqueles que estiveram presentes no com\u00edcio, enquanto aguardamos mais informa\u00e7\u00f5es.<\/p>\n\n\n\n<p>Jill e eu estamos gratos ao Servi\u00e7o Secreto por coloc\u00e1-lo em seguran\u00e7a. N\u00e3o h\u00e1 lugar para esse tipo de viol\u00eancia na Am\u00e9rica. Devemos nos unir como uma na\u00e7\u00e3o para conden\u00e1-lo&#8221;, diz publica\u00e7\u00e3o do presidente nas redes sociais.<\/p>\n\n\n\n<p>Um homem suspeito de atirar no ex-presidente Donald Trump durante um com\u00edcio na tarde deste s\u00e1bado, 13, foi morto, disse Richard Goldlinger, procurador do condado de Butler, onde o ataque ocorreu.<\/p>\n\n\n\n<p>Assim como Biden, outras autoridades se pronunciaram sobre o incidente. O presidente Luiz In\u00e1cio Lula da Silva (PT) repudiou o ocorrido nas redes sociais:<\/p>\n\n\n\n<p>&#8220;O atentado contra o ex-presidente Donald Trump deve ser repudiado veementemente por todos os defensores da democracia e do di\u00e1logo na pol\u00edtica. O que vimos hoje \u00e9 inaceit\u00e1vel.&#8221;<\/p>\n","protected":false},"excerpt":{"rendered":"<p>O presidente americano Joe Biden se pronunciou sobre o incidente no com\u00edcio de Donald Trump. O candidato republicado foi ferido na cabe\u00e7a durante um aparente ataque a tiros em Butler, na Pensilv\u00e2nia, na tarde deste s\u00e1bado, 13. Ele foi levado a um hospital e est\u00e1 em boas condi\u00e7\u00f5es, segundo seu porta-voz. &#8221;Fui informado sobre o [&hellip;]<\/p>\n","protected":false},"author":2,"featured_media":723,"comment_status":"open","ping_status":"open","sticky":false,"template":"","format":"standard","meta":{"footnotes":""},"categories":[5],"tags":[],"class_list":["post-722","post","type-post","status-publish","format-standard","has-post-thumbnail","hentry","category-noticias"],"wpmagazine_modules_lite_featured_media_urls":{"thumbnail":["https:\/\/radioclubedeinhapim.com.br\/wp-content\/uploads\/2024\/07\/Copia-de-Inserir-um-subtitulo-64-150x150.jpg",150,150,true],"cvmm-medium":["https:\/\/radioclubedeinhapim.com.br\/wp-content\/uploads\/2024\/07\/Copia-de-Inserir-um-subtitulo-64-300x300.jpg",300,300,true],"cvmm-medium-plus":["https:\/\/radioclubedeinhapim.com.br\/wp-content\/uploads\/2024\/07\/Copia-de-Inserir-um-subtitulo-64-305x207.jpg",305,207,true],"cvmm-portrait":["https:\/\/radioclubedeinhapim.com.br\/wp-content\/uploads\/2024\/07\/Copia-de-Inserir-um-subtitulo-64-400x600.jpg",400,600,true],"cvmm-medium-square":["https:\/\/radioclubedeinhapim.com.br\/wp-content\/uploads\/2024\/07\/Copia-de-Inserir-um-subtitulo-64-600x600.jpg",600,600,true],"cvmm-large":["https:\/\/radioclubedeinhapim.com.br\/wp-content\/uploads\/2024\/07\/Copia-de-Inserir-um-subtitulo-64-1024x1024.jpg",1024,1024,true],"cvmm-small":["https:\/\/radioclubedeinhapim.com.br\/wp-content\/uploads\/2024\/07\/Copia-de-Inserir-um-subtitulo-64-130x95.jpg",130,95,true],"full":["https:\/\/radioclubedeinhapim.com.br\/wp-content\/uploads\/2024\/07\/Copia-de-Inserir-um-subtitulo-64.jpg",1080,1080,false]},"categories_names":{"5":{"name":"Not\u00edcias","link":"https:\/\/radioclubedeinhapim.com.br\/index.php\/category\/noticias\/"}},"tags_names":[],"comments_number":"0","_links":{"self":[{"href":"https:\/\/radioclubedeinhapim.com.br\/index.php\/wp-json\/wp\/v2\/posts\/722","targetHints":{"allow":["GET"]}}],"collection":[{"href":"https:\/\/radioclubedeinhapim.com.br\/index.php\/wp-json\/wp\/v2\/posts"}],"about":[{"href":"https:\/\/radioclubedeinhapim.com.br\/index.php\/wp-json\/wp\/v2\/types\/post"}],"author":[{"embeddable":true,"href":"https:\/\/radioclubedeinhapim.com.br\/index.php\/wp-json\/wp\/v2\/users\/2"}],"replies":[{"embeddable":true,"href":"https:\/\/radioclubedeinhapim.com.br\/index.php\/wp-json\/wp\/v2\/comments?post=722"}],"version-history":[{"count":1,"href":"https:\/\/radioclubedeinhapim.com.br\/index.php\/wp-json\/wp\/v2\/posts\/722\/revisions"}],"predecessor-version":[{"id":724,"href":"https:\/\/radioclubedeinhapim.com.br\/index.php\/wp-json\/wp\/v2\/posts\/722\/revisions\/724"}],"wp:featuredmedia":[{"embeddable":true,"href":"https:\/\/radioclubedeinhapim.com.br\/index.php\/wp-json\/wp\/v2\/media\/723"}],"wp:attachment":[{"href":"https:\/\/radioclubedeinhapim.com.br\/index.php\/wp-json\/wp\/v2\/media?parent=722"}],"wp:term":[{"taxonomy":"category","embeddable":true,"href":"https:\/\/radioclubedeinhapim.com.br\/index.php\/wp-json\/wp\/v2\/categories?post=722"},{"taxonomy":"post_tag","embeddable":true,"href":"https:\/\/radioclubedeinhapim.com.br\/index.php\/wp-json\/wp\/v2\/tags?post=722"}],"curies":[{"name":"wp","href":"https:\/\/api.w.org\/{rel}","templated":true}]}}