{"id":7351,"date":"2025-10-13T10:10:22","date_gmt":"2025-10-13T13:10:22","guid":{"rendered":"https:\/\/radioclubedeinhapim.com.br\/?p=7351"},"modified":"2025-10-13T10:10:22","modified_gmt":"2025-10-13T13:10:22","slug":"motociclista-morre-apos-colisao-frontal-com-carro-na-mg-111-em-alto-jequitiba","status":"publish","type":"post","link":"https:\/\/radioclubedeinhapim.com.br\/index.php\/2025\/10\/13\/motociclista-morre-apos-colisao-frontal-com-carro-na-mg-111-em-alto-jequitiba\/","title":{"rendered":"Motociclista morre ap\u00f3s colis\u00e3o frontal com carro na MG-111, em Alto Jequitib\u00e1"},"content":{"rendered":"\n<p>Um motociclista de 36 anos morreu em um grave acidente envolvendo uma moto e um carro na tarde desta sexta-feira (10\/10), na altura do km 120 da MG-111, pr\u00f3ximo ao distrito Padre J\u00falio Maria, em Alto Jequitib\u00e1. A colis\u00e3o frontal aconteceu por volta das 17h40.<\/p>\n\n\n\n<p>De acordo com as informa\u00e7\u00f5es apuradas pelo Portal Capara\u00f3, a v\u00edtima, Ernandes Tavares Faria, conduzia uma motocicleta Honda CG 150 e sa\u00eda do distrito quando acessou a rodovia. Nesse momento, foi atingido por um Ford Bronco, conduzido por um empres\u00e1rio de 73 anos que seguia no sentido Alto Jequitib\u00e1\u2013Capara\u00f3.<\/p>\n\n\n\n<p>Com o impacto, o motociclista foi arrastado por alguns metros e sofreu m\u00faltiplas fraturas. Equipes do SAMU chegaram a prestar os primeiros socorros, mas a v\u00edtima n\u00e3o resistiu aos ferimentos e morreu no local.<\/p>\n\n\n\n<p>A per\u00edcia da Pol\u00edcia Civil foi acionada e liberou o corpo para o servi\u00e7o funer\u00e1rio. A Pol\u00edcia Militar Rodovi\u00e1ria atendeu a ocorr\u00eancia e apura as circunst\u00e2ncias do acidente.<\/p>\n","protected":false},"excerpt":{"rendered":"<p>Um motociclista de 36 anos morreu em um grave acidente envolvendo uma moto e um carro na tarde desta sexta-feira (10\/10), na altura do km 120 da MG-111, pr\u00f3ximo ao distrito Padre J\u00falio Maria, em Alto Jequitib\u00e1. A colis\u00e3o frontal aconteceu por volta das 17h40. De acordo com as informa\u00e7\u00f5es apuradas pelo Portal Capara\u00f3, a [&hellip;]<\/p>\n","protected":false},"author":2,"featured_media":7352,"comment_status":"open","ping_status":"open","sticky":false,"template":"","format":"standard","meta":{"footnotes":""},"categories":[5],"tags":[],"class_list":["post-7351","post","type-post","status-publish","format-standard","has-post-thumbnail","hentry","category-noticias"],"wpmagazine_modules_lite_featured_media_urls":{"thumbnail":["https:\/\/radioclubedeinhapim.com.br\/wp-content\/uploads\/2025\/10\/Copia-de-Inserir-um-subtitulo-2025-10-13T074332.155-150x150.jpg",150,150,true],"cvmm-medium":["https:\/\/radioclubedeinhapim.com.br\/wp-content\/uploads\/2025\/10\/Copia-de-Inserir-um-subtitulo-2025-10-13T074332.155-300x300.jpg",300,300,true],"cvmm-medium-plus":["https:\/\/radioclubedeinhapim.com.br\/wp-content\/uploads\/2025\/10\/Copia-de-Inserir-um-subtitulo-2025-10-13T074332.155-305x207.jpg",305,207,true],"cvmm-portrait":["https:\/\/radioclubedeinhapim.com.br\/wp-content\/uploads\/2025\/10\/Copia-de-Inserir-um-subtitulo-2025-10-13T074332.155-400x600.jpg",400,600,true],"cvmm-medium-square":["https:\/\/radioclubedeinhapim.com.br\/wp-content\/uploads\/2025\/10\/Copia-de-Inserir-um-subtitulo-2025-10-13T074332.155-600x600.jpg",600,600,true],"cvmm-large":["https:\/\/radioclubedeinhapim.com.br\/wp-content\/uploads\/2025\/10\/Copia-de-Inserir-um-subtitulo-2025-10-13T074332.155-1024x1024.jpg",1024,1024,true],"cvmm-small":["https:\/\/radioclubedeinhapim.com.br\/wp-content\/uploads\/2025\/10\/Copia-de-Inserir-um-subtitulo-2025-10-13T074332.155-130x95.jpg",130,95,true],"full":["https:\/\/radioclubedeinhapim.com.br\/wp-content\/uploads\/2025\/10\/Copia-de-Inserir-um-subtitulo-2025-10-13T074332.155.jpg",1080,1080,false]},"categories_names":{"5":{"name":"Not\u00edcias","link":"https:\/\/radioclubedeinhapim.com.br\/index.php\/category\/noticias\/"}},"tags_names":[],"comments_number":"0","_links":{"self":[{"href":"https:\/\/radioclubedeinhapim.com.br\/index.php\/wp-json\/wp\/v2\/posts\/7351","targetHints":{"allow":["GET"]}}],"collection":[{"href":"https:\/\/radioclubedeinhapim.com.br\/index.php\/wp-json\/wp\/v2\/posts"}],"about":[{"href":"https:\/\/radioclubedeinhapim.com.br\/index.php\/wp-json\/wp\/v2\/types\/post"}],"author":[{"embeddable":true,"href":"https:\/\/radioclubedeinhapim.com.br\/index.php\/wp-json\/wp\/v2\/users\/2"}],"replies":[{"embeddable":true,"href":"https:\/\/radioclubedeinhapim.com.br\/index.php\/wp-json\/wp\/v2\/comments?post=7351"}],"version-history":[{"count":1,"href":"https:\/\/radioclubedeinhapim.com.br\/index.php\/wp-json\/wp\/v2\/posts\/7351\/revisions"}],"predecessor-version":[{"id":7353,"href":"https:\/\/radioclubedeinhapim.com.br\/index.php\/wp-json\/wp\/v2\/posts\/7351\/revisions\/7353"}],"wp:featuredmedia":[{"embeddable":true,"href":"https:\/\/radioclubedeinhapim.com.br\/index.php\/wp-json\/wp\/v2\/media\/7352"}],"wp:attachment":[{"href":"https:\/\/radioclubedeinhapim.com.br\/index.php\/wp-json\/wp\/v2\/media?parent=7351"}],"wp:term":[{"taxonomy":"category","embeddable":true,"href":"https:\/\/radioclubedeinhapim.com.br\/index.php\/wp-json\/wp\/v2\/categories?post=7351"},{"taxonomy":"post_tag","embeddable":true,"href":"https:\/\/radioclubedeinhapim.com.br\/index.php\/wp-json\/wp\/v2\/tags?post=7351"}],"curies":[{"name":"wp","href":"https:\/\/api.w.org\/{rel}","templated":true}]}}