{"id":7364,"date":"2025-10-14T09:56:17","date_gmt":"2025-10-14T12:56:17","guid":{"rendered":"https:\/\/radioclubedeinhapim.com.br\/?p=7364"},"modified":"2025-10-14T09:56:17","modified_gmt":"2025-10-14T12:56:17","slug":"incendio-em-subestacao-no-parana-e-apontado-como-causa-para-apagao-nesta-terca","status":"publish","type":"post","link":"https:\/\/radioclubedeinhapim.com.br\/index.php\/2025\/10\/14\/incendio-em-subestacao-no-parana-e-apontado-como-causa-para-apagao-nesta-terca\/","title":{"rendered":"Inc\u00eandio em subesta\u00e7\u00e3o no Paran\u00e1 \u00e9 apontado como causa para apag\u00e3o nesta ter\u00e7a"},"content":{"rendered":"\n<p>O <a><\/a>apag\u00e3o registrado em diferentes partes do pa\u00eds na madrugada desta ter\u00e7a-feira (14) pode ter sido causado por inc\u00eandio, de acordo com o Operador Nacional do Sistema El\u00e9trico (ONS). Em nota, \u00f3rg\u00e3o apontou que o incidente ocorreu em um reator da Subesta\u00e7\u00e3o de Bateias, no Paran\u00e1, que desligou toda a unidade de 500 kV e interrompeu a interliga\u00e7\u00e3o entre as regi\u00f5es Sul e Sudeste\/Centro-Oeste.<\/p>\n\n\n\n<p>Ainda conforme a ONS, a ocorr\u00eancia provocou a interrup\u00e7\u00e3o de aproximadamente 10.000 MW de carga em todo o pa\u00eds, afetando os quatro subsistemas do Sistema Interligado Nacional (SIN) &#8211; Sul, Sudeste\/Centro-Oeste, Nordeste e Norte. As perdas foram de 1.600 MW no Sul, 1.900 MW no Nordeste, 1.600 MW no Norte e 4.800 MW no Sudeste. No momento do incidente, a regi\u00e3o Sul exportava cerca de 5.000 MW para o Sudeste e o Centro-Oeste.<\/p>\n\n\n\n<p>O ONS informou que as a\u00e7\u00f5es de recomposi\u00e7\u00e3o come\u00e7aram imediatamente ap\u00f3s a falha e que o fornecimento foi restabelecido de forma segura em at\u00e9 1h30 nas regi\u00f5es Norte, Nordeste e<\/p>\n\n\n\n<p>Sudeste\/Centro-Oeste. No Sul, a normaliza\u00e7\u00e3o foi conclu\u00edda por volta de 2h30.<\/p>\n\n\n\n<p>Uma reuni\u00e3o entre o ONS e os principais agentes do sistema est\u00e1 prevista para ocorrer ainda nesta ter\u00e7a-feira, para discutir os impactos da falha. At\u00e9 sexta-feira (17), ser\u00e1 elaborado um Relat\u00f3rio de An\u00e1lise da Perturba\u00e7\u00e3o (RAP) para detalhar as causas e consequ\u00eancias do apag\u00e3o.<\/p>\n\n\n\n<p>O Minist\u00e9rio de Minas e Energia acompanha o caso em conjunto com o ONS.<\/p>\n","protected":false},"excerpt":{"rendered":"<p>O apag\u00e3o registrado em diferentes partes do pa\u00eds na madrugada desta ter\u00e7a-feira (14) pode ter sido causado por inc\u00eandio, de acordo com o Operador Nacional do Sistema El\u00e9trico (ONS). Em nota, \u00f3rg\u00e3o apontou que o incidente ocorreu em um reator da Subesta\u00e7\u00e3o de Bateias, no Paran\u00e1, que desligou toda a unidade de 500 kV e [&hellip;]<\/p>\n","protected":false},"author":2,"featured_media":7365,"comment_status":"open","ping_status":"open","sticky":false,"template":"","format":"standard","meta":{"footnotes":""},"categories":[5],"tags":[],"class_list":["post-7364","post","type-post","status-publish","format-standard","has-post-thumbnail","hentry","category-noticias"],"wpmagazine_modules_lite_featured_media_urls":{"thumbnail":["https:\/\/radioclubedeinhapim.com.br\/wp-content\/uploads\/2025\/10\/Copia-de-Inserir-um-subtitulo-2025-10-14T090528.611-150x150.jpg",150,150,true],"cvmm-medium":["https:\/\/radioclubedeinhapim.com.br\/wp-content\/uploads\/2025\/10\/Copia-de-Inserir-um-subtitulo-2025-10-14T090528.611-300x300.jpg",300,300,true],"cvmm-medium-plus":["https:\/\/radioclubedeinhapim.com.br\/wp-content\/uploads\/2025\/10\/Copia-de-Inserir-um-subtitulo-2025-10-14T090528.611-305x207.jpg",305,207,true],"cvmm-portrait":["https:\/\/radioclubedeinhapim.com.br\/wp-content\/uploads\/2025\/10\/Copia-de-Inserir-um-subtitulo-2025-10-14T090528.611-400x600.jpg",400,600,true],"cvmm-medium-square":["https:\/\/radioclubedeinhapim.com.br\/wp-content\/uploads\/2025\/10\/Copia-de-Inserir-um-subtitulo-2025-10-14T090528.611-600x600.jpg",600,600,true],"cvmm-large":["https:\/\/radioclubedeinhapim.com.br\/wp-content\/uploads\/2025\/10\/Copia-de-Inserir-um-subtitulo-2025-10-14T090528.611-1024x1024.jpg",1024,1024,true],"cvmm-small":["https:\/\/radioclubedeinhapim.com.br\/wp-content\/uploads\/2025\/10\/Copia-de-Inserir-um-subtitulo-2025-10-14T090528.611-130x95.jpg",130,95,true],"full":["https:\/\/radioclubedeinhapim.com.br\/wp-content\/uploads\/2025\/10\/Copia-de-Inserir-um-subtitulo-2025-10-14T090528.611.jpg",1080,1080,false]},"categories_names":{"5":{"name":"Not\u00edcias","link":"https:\/\/radioclubedeinhapim.com.br\/index.php\/category\/noticias\/"}},"tags_names":[],"comments_number":"0","_links":{"self":[{"href":"https:\/\/radioclubedeinhapim.com.br\/index.php\/wp-json\/wp\/v2\/posts\/7364","targetHints":{"allow":["GET"]}}],"collection":[{"href":"https:\/\/radioclubedeinhapim.com.br\/index.php\/wp-json\/wp\/v2\/posts"}],"about":[{"href":"https:\/\/radioclubedeinhapim.com.br\/index.php\/wp-json\/wp\/v2\/types\/post"}],"author":[{"embeddable":true,"href":"https:\/\/radioclubedeinhapim.com.br\/index.php\/wp-json\/wp\/v2\/users\/2"}],"replies":[{"embeddable":true,"href":"https:\/\/radioclubedeinhapim.com.br\/index.php\/wp-json\/wp\/v2\/comments?post=7364"}],"version-history":[{"count":1,"href":"https:\/\/radioclubedeinhapim.com.br\/index.php\/wp-json\/wp\/v2\/posts\/7364\/revisions"}],"predecessor-version":[{"id":7366,"href":"https:\/\/radioclubedeinhapim.com.br\/index.php\/wp-json\/wp\/v2\/posts\/7364\/revisions\/7366"}],"wp:featuredmedia":[{"embeddable":true,"href":"https:\/\/radioclubedeinhapim.com.br\/index.php\/wp-json\/wp\/v2\/media\/7365"}],"wp:attachment":[{"href":"https:\/\/radioclubedeinhapim.com.br\/index.php\/wp-json\/wp\/v2\/media?parent=7364"}],"wp:term":[{"taxonomy":"category","embeddable":true,"href":"https:\/\/radioclubedeinhapim.com.br\/index.php\/wp-json\/wp\/v2\/categories?post=7364"},{"taxonomy":"post_tag","embeddable":true,"href":"https:\/\/radioclubedeinhapim.com.br\/index.php\/wp-json\/wp\/v2\/tags?post=7364"}],"curies":[{"name":"wp","href":"https:\/\/api.w.org\/{rel}","templated":true}]}}