{"id":7370,"date":"2025-10-14T09:58:25","date_gmt":"2025-10-14T12:58:25","guid":{"rendered":"https:\/\/radioclubedeinhapim.com.br\/?p=7370"},"modified":"2025-10-14T09:58:25","modified_gmt":"2025-10-14T12:58:25","slug":"colisao-entre-motos-mata-dois-homens-em-santana-do-paraiso","status":"publish","type":"post","link":"https:\/\/radioclubedeinhapim.com.br\/index.php\/2025\/10\/14\/colisao-entre-motos-mata-dois-homens-em-santana-do-paraiso\/","title":{"rendered":"Colis\u00e3o entre motos mata dois homens em Santana do Para\u00edso"},"content":{"rendered":"\n<p><a><\/a>Duas pessoas morreram ap\u00f3s uma colis\u00e3o frontal entre motocicletas, registrada no \u00faltimo s\u00e1bado (11), na estrada do Achado de Baixo, zona rural de Santana do Para\u00edso. As v\u00edtimas foram identificadas como Leandro Marques de Andrade, de 32 anos, e Rom\u00e1rio Victor dos Reis, de 30 anos.<\/p>\n\n\n\n<p>Segundo relatos de populares, Leandro pilotava uma moto quando colidiu frontalmente com a motocicleta conduzida por Rom\u00e1rio. Ambos sofreram ferimentos graves. Leandro morreu ainda no local, enquanto Rom\u00e1rio chegou a ser socorrido por uma equipe do SAMU, mas n\u00e3o resistiu aos ferimentos e morreu pouco depois.<\/p>\n\n\n\n<p>A per\u00edcia t\u00e9cnica foi acionada para realizar os procedimentos de praxe, e os corpos foram encaminhados ao Posto M\u00e9dico-Legal do bairro Veneza II, em Ipatinga. Ap\u00f3s os exames, foram liberados \u00e0s fam\u00edlias para os vel\u00f3rios e sepultamentos.<\/p>\n\n\n\n<p>As causas do acidente ainda est\u00e3o sendo investigadas pelas autoridades. De acordo com informa\u00e7\u00f5es da Pol\u00edcia, nenhum dos dois envolvidos possu\u00eda habilita\u00e7\u00e3o para conduzir motocicleta.<\/p>\n\n\n\n<p>Rom\u00e1rio Victor residia no C\u00f3rrego do Achado, enquanto Leandro Marques era morador do bairro Esperan\u00e7a, em Ipatinga.<\/p>\n","protected":false},"excerpt":{"rendered":"<p>Duas pessoas morreram ap\u00f3s uma colis\u00e3o frontal entre motocicletas, registrada no \u00faltimo s\u00e1bado (11), na estrada do Achado de Baixo, zona rural de Santana do Para\u00edso. As v\u00edtimas foram identificadas como Leandro Marques de Andrade, de 32 anos, e Rom\u00e1rio Victor dos Reis, de 30 anos. Segundo relatos de populares, Leandro pilotava uma moto quando [&hellip;]<\/p>\n","protected":false},"author":2,"featured_media":7371,"comment_status":"open","ping_status":"open","sticky":false,"template":"","format":"standard","meta":{"footnotes":""},"categories":[5],"tags":[],"class_list":["post-7370","post","type-post","status-publish","format-standard","has-post-thumbnail","hentry","category-noticias"],"wpmagazine_modules_lite_featured_media_urls":{"thumbnail":["https:\/\/radioclubedeinhapim.com.br\/wp-content\/uploads\/2025\/10\/Copia-de-Inserir-um-subtitulo-2025-10-14T091316.419-150x150.jpg",150,150,true],"cvmm-medium":["https:\/\/radioclubedeinhapim.com.br\/wp-content\/uploads\/2025\/10\/Copia-de-Inserir-um-subtitulo-2025-10-14T091316.419-300x300.jpg",300,300,true],"cvmm-medium-plus":["https:\/\/radioclubedeinhapim.com.br\/wp-content\/uploads\/2025\/10\/Copia-de-Inserir-um-subtitulo-2025-10-14T091316.419-305x207.jpg",305,207,true],"cvmm-portrait":["https:\/\/radioclubedeinhapim.com.br\/wp-content\/uploads\/2025\/10\/Copia-de-Inserir-um-subtitulo-2025-10-14T091316.419-400x600.jpg",400,600,true],"cvmm-medium-square":["https:\/\/radioclubedeinhapim.com.br\/wp-content\/uploads\/2025\/10\/Copia-de-Inserir-um-subtitulo-2025-10-14T091316.419-600x600.jpg",600,600,true],"cvmm-large":["https:\/\/radioclubedeinhapim.com.br\/wp-content\/uploads\/2025\/10\/Copia-de-Inserir-um-subtitulo-2025-10-14T091316.419-1024x1024.jpg",1024,1024,true],"cvmm-small":["https:\/\/radioclubedeinhapim.com.br\/wp-content\/uploads\/2025\/10\/Copia-de-Inserir-um-subtitulo-2025-10-14T091316.419-130x95.jpg",130,95,true],"full":["https:\/\/radioclubedeinhapim.com.br\/wp-content\/uploads\/2025\/10\/Copia-de-Inserir-um-subtitulo-2025-10-14T091316.419.jpg",1080,1080,false]},"categories_names":{"5":{"name":"Not\u00edcias","link":"https:\/\/radioclubedeinhapim.com.br\/index.php\/category\/noticias\/"}},"tags_names":[],"comments_number":"0","_links":{"self":[{"href":"https:\/\/radioclubedeinhapim.com.br\/index.php\/wp-json\/wp\/v2\/posts\/7370","targetHints":{"allow":["GET"]}}],"collection":[{"href":"https:\/\/radioclubedeinhapim.com.br\/index.php\/wp-json\/wp\/v2\/posts"}],"about":[{"href":"https:\/\/radioclubedeinhapim.com.br\/index.php\/wp-json\/wp\/v2\/types\/post"}],"author":[{"embeddable":true,"href":"https:\/\/radioclubedeinhapim.com.br\/index.php\/wp-json\/wp\/v2\/users\/2"}],"replies":[{"embeddable":true,"href":"https:\/\/radioclubedeinhapim.com.br\/index.php\/wp-json\/wp\/v2\/comments?post=7370"}],"version-history":[{"count":1,"href":"https:\/\/radioclubedeinhapim.com.br\/index.php\/wp-json\/wp\/v2\/posts\/7370\/revisions"}],"predecessor-version":[{"id":7372,"href":"https:\/\/radioclubedeinhapim.com.br\/index.php\/wp-json\/wp\/v2\/posts\/7370\/revisions\/7372"}],"wp:featuredmedia":[{"embeddable":true,"href":"https:\/\/radioclubedeinhapim.com.br\/index.php\/wp-json\/wp\/v2\/media\/7371"}],"wp:attachment":[{"href":"https:\/\/radioclubedeinhapim.com.br\/index.php\/wp-json\/wp\/v2\/media?parent=7370"}],"wp:term":[{"taxonomy":"category","embeddable":true,"href":"https:\/\/radioclubedeinhapim.com.br\/index.php\/wp-json\/wp\/v2\/categories?post=7370"},{"taxonomy":"post_tag","embeddable":true,"href":"https:\/\/radioclubedeinhapim.com.br\/index.php\/wp-json\/wp\/v2\/tags?post=7370"}],"curies":[{"name":"wp","href":"https:\/\/api.w.org\/{rel}","templated":true}]}}