{"id":7387,"date":"2025-10-15T07:47:53","date_gmt":"2025-10-15T10:47:53","guid":{"rendered":"https:\/\/radioclubedeinhapim.com.br\/?p=7387"},"modified":"2025-10-15T07:48:22","modified_gmt":"2025-10-15T10:48:22","slug":"temporal-provoca-estragos-em-manhuacu","status":"publish","type":"post","link":"https:\/\/radioclubedeinhapim.com.br\/index.php\/2025\/10\/15\/temporal-provoca-estragos-em-manhuacu\/","title":{"rendered":"Temporal provoca estragos em Manhua\u00e7u"},"content":{"rendered":"\n<p>O temporal da noite de ter\u00e7a-feira (14\/10) provocou muitos estragos e destrui\u00e7\u00e3o em v\u00e1rios locais da cidade de Manhua\u00e7u.<\/p>\n\n\n\n<p>O grande volume de \u00e1guas num intervalo curto inundou trechos de ruas, confirmando as previs\u00f5es do tempo. A enxurrada carregou cal\u00e7amento e muita sujeira e lama para as ruas mais baixas.<\/p>\n\n\n\n<p>Na Vila Formosa, moradores e comerciantes sofreram com o rio de lama que desceu pela rua. Al\u00e9m disso, a \u00e1gua barrenta entrou em casas e houve v\u00e1rios danos.<\/p>\n\n\n\n<p>O cen\u00e1rio n\u00e3o foi diferente em locais em que a rede pluvial n\u00e3o comporta a grande quantidade de chuva. Trechos como a Alameda Eloy Werner &#8211; subida do Alfa Sul (em que foi iniciada uma obra na semana passada para constru\u00e7\u00e3o de rede pluvial) formaram grandes locais de enxurrada. A \u00e1gua com muito barro e as pedras da rua abriu uma vala no local e tomou o trecho da BR-262. A quantidade de lama impediu, durante alguns minutos, o tr\u00e2nsito pela rodovia.<\/p>\n\n\n\n<p>Em v\u00e1rios locais, moradores tamb\u00e9m registraram o granizo que veio no temporal.<\/p>\n","protected":false},"excerpt":{"rendered":"<p>O temporal da noite de ter\u00e7a-feira (14\/10) provocou muitos estragos e destrui\u00e7\u00e3o em v\u00e1rios locais da cidade de Manhua\u00e7u. O grande volume de \u00e1guas num intervalo curto inundou trechos de ruas, confirmando as previs\u00f5es do tempo. A enxurrada carregou cal\u00e7amento e muita sujeira e lama para as ruas mais baixas. Na Vila Formosa, moradores e [&hellip;]<\/p>\n","protected":false},"author":2,"featured_media":7388,"comment_status":"open","ping_status":"open","sticky":false,"template":"","format":"standard","meta":{"footnotes":""},"categories":[5],"tags":[],"class_list":["post-7387","post","type-post","status-publish","format-standard","has-post-thumbnail","hentry","category-noticias"],"wpmagazine_modules_lite_featured_media_urls":{"thumbnail":["https:\/\/radioclubedeinhapim.com.br\/wp-content\/uploads\/2025\/10\/Copia-de-Inserir-um-subtitulo-2025-10-15T074018.259-150x150.jpg",150,150,true],"cvmm-medium":["https:\/\/radioclubedeinhapim.com.br\/wp-content\/uploads\/2025\/10\/Copia-de-Inserir-um-subtitulo-2025-10-15T074018.259-300x300.jpg",300,300,true],"cvmm-medium-plus":["https:\/\/radioclubedeinhapim.com.br\/wp-content\/uploads\/2025\/10\/Copia-de-Inserir-um-subtitulo-2025-10-15T074018.259-305x207.jpg",305,207,true],"cvmm-portrait":["https:\/\/radioclubedeinhapim.com.br\/wp-content\/uploads\/2025\/10\/Copia-de-Inserir-um-subtitulo-2025-10-15T074018.259-400x600.jpg",400,600,true],"cvmm-medium-square":["https:\/\/radioclubedeinhapim.com.br\/wp-content\/uploads\/2025\/10\/Copia-de-Inserir-um-subtitulo-2025-10-15T074018.259-600x600.jpg",600,600,true],"cvmm-large":["https:\/\/radioclubedeinhapim.com.br\/wp-content\/uploads\/2025\/10\/Copia-de-Inserir-um-subtitulo-2025-10-15T074018.259-1024x1024.jpg",1024,1024,true],"cvmm-small":["https:\/\/radioclubedeinhapim.com.br\/wp-content\/uploads\/2025\/10\/Copia-de-Inserir-um-subtitulo-2025-10-15T074018.259-130x95.jpg",130,95,true],"full":["https:\/\/radioclubedeinhapim.com.br\/wp-content\/uploads\/2025\/10\/Copia-de-Inserir-um-subtitulo-2025-10-15T074018.259.jpg",1080,1080,false]},"categories_names":{"5":{"name":"Not\u00edcias","link":"https:\/\/radioclubedeinhapim.com.br\/index.php\/category\/noticias\/"}},"tags_names":[],"comments_number":"0","_links":{"self":[{"href":"https:\/\/radioclubedeinhapim.com.br\/index.php\/wp-json\/wp\/v2\/posts\/7387","targetHints":{"allow":["GET"]}}],"collection":[{"href":"https:\/\/radioclubedeinhapim.com.br\/index.php\/wp-json\/wp\/v2\/posts"}],"about":[{"href":"https:\/\/radioclubedeinhapim.com.br\/index.php\/wp-json\/wp\/v2\/types\/post"}],"author":[{"embeddable":true,"href":"https:\/\/radioclubedeinhapim.com.br\/index.php\/wp-json\/wp\/v2\/users\/2"}],"replies":[{"embeddable":true,"href":"https:\/\/radioclubedeinhapim.com.br\/index.php\/wp-json\/wp\/v2\/comments?post=7387"}],"version-history":[{"count":2,"href":"https:\/\/radioclubedeinhapim.com.br\/index.php\/wp-json\/wp\/v2\/posts\/7387\/revisions"}],"predecessor-version":[{"id":7390,"href":"https:\/\/radioclubedeinhapim.com.br\/index.php\/wp-json\/wp\/v2\/posts\/7387\/revisions\/7390"}],"wp:featuredmedia":[{"embeddable":true,"href":"https:\/\/radioclubedeinhapim.com.br\/index.php\/wp-json\/wp\/v2\/media\/7388"}],"wp:attachment":[{"href":"https:\/\/radioclubedeinhapim.com.br\/index.php\/wp-json\/wp\/v2\/media?parent=7387"}],"wp:term":[{"taxonomy":"category","embeddable":true,"href":"https:\/\/radioclubedeinhapim.com.br\/index.php\/wp-json\/wp\/v2\/categories?post=7387"},{"taxonomy":"post_tag","embeddable":true,"href":"https:\/\/radioclubedeinhapim.com.br\/index.php\/wp-json\/wp\/v2\/tags?post=7387"}],"curies":[{"name":"wp","href":"https:\/\/api.w.org\/{rel}","templated":true}]}}