{"id":7520,"date":"2025-10-23T12:52:04","date_gmt":"2025-10-23T15:52:04","guid":{"rendered":"https:\/\/radioclubedeinhapim.com.br\/?p=7520"},"modified":"2025-10-23T12:52:04","modified_gmt":"2025-10-23T15:52:04","slug":"zema-presenteia-papa-leao-xiv-com-cafe-queijo-artesanato-e-recebe-bencao-para-minas","status":"publish","type":"post","link":"https:\/\/radioclubedeinhapim.com.br\/index.php\/2025\/10\/23\/zema-presenteia-papa-leao-xiv-com-cafe-queijo-artesanato-e-recebe-bencao-para-minas\/","title":{"rendered":"Zema presenteia papa Le\u00e3o XIV com caf\u00e9, queijo, artesanato e recebe ben\u00e7\u00e3o para Minas"},"content":{"rendered":"\n<p>O governador Romeu Zema participou, nesta quarta-feira (22\/10), de uma audi\u00eancia p\u00fablica com o Papa Le\u00e3o XIV, no Vaticano, durante a cerim\u00f4nia semanal na Pra\u00e7a S\u00e3o Pedro. O encontro integrou a miss\u00e3o oficial do Governo de Minas na Europa e marcou um momento de forte simbolismo religioso e cultural. Ao abrir a bandeira do estado, Zema recebeu das m\u00e3os do Pont\u00edfice uma b\u00ean\u00e7\u00e3o especial destinada ao povo mineiro.<\/p>\n\n\n\n<p>Na ocasi\u00e3o, o governador entregou presentes que representam a identidade e a devo\u00e7\u00e3o de Minas Gerais: um ter\u00e7o confeccionado em palmas barrocas por artes\u00e3s de Sabar\u00e1 e um estandarte dedicado a Nossa Senhora da Piedade, padroeira do estado. O Papa expressou admira\u00e7\u00e3o pelas obras e afirmou: \u201cAben\u00e7oo todo o povo de Minas Gerais\u201d.<\/p>\n\n\n\n<p>A pe\u00e7a entregue foi criada pela artista Cl\u00e9lia Lemos, de Ponte Nova, radicada em Belo Horizonte. O estandarte re\u00fane fitas, bordados e pedrarias que remetem \u00e0s riquezas naturais do estado, como o ouro e os diamantes, al\u00e9m de refer\u00eancias \u00e0 ordem agostiniana, mesma do Papa Le\u00e3o XIV. Segundo Cl\u00e9lia, o trabalho \u00e9 um agradecimento \u00e0 padroeira pela prote\u00e7\u00e3o e inspira\u00e7\u00e3o concedidas ao povo mineiro.<\/p>\n\n\n\n<p>Outro destaque foi o ter\u00e7o mariano produzido manualmente por cinco artes\u00e3s de Sabar\u00e1 Neusa Chagas Rodrigues, Luciana Ferreira, Dirl\u00e9ia Concei\u00e7\u00e3o Neves, Simone Viana Lopes e Herc\u00edlia Herculano. O of\u00edcio, passado de gera\u00e7\u00e3o em gera\u00e7\u00e3o, envolve t\u00e9cnicas tradicionais de modelagem e banho em ouro, e pode levar at\u00e9 15 dias para ser conclu\u00eddo. \u201cCada pe\u00e7a \u00e9 \u00fanica, como a f\u00e9 de quem a produz\u201d, disse Neusa.<\/p>\n\n\n\n<p>Al\u00e9m das obras de arte sacra, Zema tamb\u00e9m presenteou o Vaticano com produtos t\u00edpicos da gastronomia mineira, como queijo canastra, doce de leite artesanal e caf\u00e9s especiais produzidos em Araponga, Ol\u00edmpio Noronha e Campos Altos.<\/p>\n\n\n\n<p>A visita refor\u00e7a o papel de Minas Gerais como estado de f\u00e9, cultura e tradi\u00e7\u00e3o, e marca a segunda presen\u00e7a oficial de Zema no Vaticano a primeira foi em 2023, quando o Papa Francisco tamb\u00e9m aben\u00e7oou a bandeira mineira.<\/p>\n","protected":false},"excerpt":{"rendered":"<p>O governador Romeu Zema participou, nesta quarta-feira (22\/10), de uma audi\u00eancia p\u00fablica com o Papa Le\u00e3o XIV, no Vaticano, durante a cerim\u00f4nia semanal na Pra\u00e7a S\u00e3o Pedro. O encontro integrou a miss\u00e3o oficial do Governo de Minas na Europa e marcou um momento de forte simbolismo religioso e cultural. Ao abrir a bandeira do estado, [&hellip;]<\/p>\n","protected":false},"author":2,"featured_media":7521,"comment_status":"open","ping_status":"open","sticky":false,"template":"","format":"standard","meta":{"footnotes":""},"categories":[5],"tags":[],"class_list":["post-7520","post","type-post","status-publish","format-standard","has-post-thumbnail","hentry","category-noticias"],"wpmagazine_modules_lite_featured_media_urls":{"thumbnail":["https:\/\/radioclubedeinhapim.com.br\/wp-content\/uploads\/2025\/10\/Copia-de-Inserir-um-subtitulo-2025-10-23T090644.555-150x150.jpg",150,150,true],"cvmm-medium":["https:\/\/radioclubedeinhapim.com.br\/wp-content\/uploads\/2025\/10\/Copia-de-Inserir-um-subtitulo-2025-10-23T090644.555-300x300.jpg",300,300,true],"cvmm-medium-plus":["https:\/\/radioclubedeinhapim.com.br\/wp-content\/uploads\/2025\/10\/Copia-de-Inserir-um-subtitulo-2025-10-23T090644.555-305x207.jpg",305,207,true],"cvmm-portrait":["https:\/\/radioclubedeinhapim.com.br\/wp-content\/uploads\/2025\/10\/Copia-de-Inserir-um-subtitulo-2025-10-23T090644.555-400x600.jpg",400,600,true],"cvmm-medium-square":["https:\/\/radioclubedeinhapim.com.br\/wp-content\/uploads\/2025\/10\/Copia-de-Inserir-um-subtitulo-2025-10-23T090644.555-600x600.jpg",600,600,true],"cvmm-large":["https:\/\/radioclubedeinhapim.com.br\/wp-content\/uploads\/2025\/10\/Copia-de-Inserir-um-subtitulo-2025-10-23T090644.555-1024x1024.jpg",1024,1024,true],"cvmm-small":["https:\/\/radioclubedeinhapim.com.br\/wp-content\/uploads\/2025\/10\/Copia-de-Inserir-um-subtitulo-2025-10-23T090644.555-130x95.jpg",130,95,true],"full":["https:\/\/radioclubedeinhapim.com.br\/wp-content\/uploads\/2025\/10\/Copia-de-Inserir-um-subtitulo-2025-10-23T090644.555.jpg",1080,1080,false]},"categories_names":{"5":{"name":"Not\u00edcias","link":"https:\/\/radioclubedeinhapim.com.br\/index.php\/category\/noticias\/"}},"tags_names":[],"comments_number":"0","_links":{"self":[{"href":"https:\/\/radioclubedeinhapim.com.br\/index.php\/wp-json\/wp\/v2\/posts\/7520","targetHints":{"allow":["GET"]}}],"collection":[{"href":"https:\/\/radioclubedeinhapim.com.br\/index.php\/wp-json\/wp\/v2\/posts"}],"about":[{"href":"https:\/\/radioclubedeinhapim.com.br\/index.php\/wp-json\/wp\/v2\/types\/post"}],"author":[{"embeddable":true,"href":"https:\/\/radioclubedeinhapim.com.br\/index.php\/wp-json\/wp\/v2\/users\/2"}],"replies":[{"embeddable":true,"href":"https:\/\/radioclubedeinhapim.com.br\/index.php\/wp-json\/wp\/v2\/comments?post=7520"}],"version-history":[{"count":1,"href":"https:\/\/radioclubedeinhapim.com.br\/index.php\/wp-json\/wp\/v2\/posts\/7520\/revisions"}],"predecessor-version":[{"id":7522,"href":"https:\/\/radioclubedeinhapim.com.br\/index.php\/wp-json\/wp\/v2\/posts\/7520\/revisions\/7522"}],"wp:featuredmedia":[{"embeddable":true,"href":"https:\/\/radioclubedeinhapim.com.br\/index.php\/wp-json\/wp\/v2\/media\/7521"}],"wp:attachment":[{"href":"https:\/\/radioclubedeinhapim.com.br\/index.php\/wp-json\/wp\/v2\/media?parent=7520"}],"wp:term":[{"taxonomy":"category","embeddable":true,"href":"https:\/\/radioclubedeinhapim.com.br\/index.php\/wp-json\/wp\/v2\/categories?post=7520"},{"taxonomy":"post_tag","embeddable":true,"href":"https:\/\/radioclubedeinhapim.com.br\/index.php\/wp-json\/wp\/v2\/tags?post=7520"}],"curies":[{"name":"wp","href":"https:\/\/api.w.org\/{rel}","templated":true}]}}