{"id":7583,"date":"2025-10-27T09:40:03","date_gmt":"2025-10-27T12:40:03","guid":{"rendered":"https:\/\/radioclubedeinhapim.com.br\/?p=7583"},"modified":"2025-10-27T09:40:03","modified_gmt":"2025-10-27T12:40:03","slug":"lula-retoma-criticas-a-bolsonaro-e-minimiza-influencia-do-ex-presidente-na-politica-brasileira","status":"publish","type":"post","link":"https:\/\/radioclubedeinhapim.com.br\/index.php\/2025\/10\/27\/lula-retoma-criticas-a-bolsonaro-e-minimiza-influencia-do-ex-presidente-na-politica-brasileira\/","title":{"rendered":"Lula retoma cr\u00edticas a Bolsonaro e minimiza influ\u00eancia do ex-presidente na pol\u00edtica brasileira"},"content":{"rendered":"\n<p>Durante encontro com o presidente dos Estados Unidos, Donald Trump, na Mal\u00e1sia, o presidente Luiz In\u00e1cio Lula da Silva (PT) afirmou ter conversado com o republicano sobre o ex-presidente Jair Bolsonaro (PL). Segundo Lula, Trump \u201csabe que rei morto, rei posto\u201d e que Bolsonaro \u201cfaz parte do passado da pol\u00edtica brasileira\u201d. A declara\u00e7\u00e3o foi dada ap\u00f3s a reuni\u00e3o, cujo foco principal era discutir as tarifas impostas pelos Estados Unidos sobre produtos brasileiros.<\/p>\n\n\n\n<p>O coment\u00e1rio, por\u00e9m, acabou chamando mais aten\u00e7\u00e3o do que os resultados do pr\u00f3prio encontro. Analistas apontam que Lula poderia ter concentrado o di\u00e1logo em quest\u00f5es econ\u00f4micas e comerciais, uma vez que as tarifas americanas de at\u00e9 50% t\u00eam afetado setores como caf\u00e9, carne e cal\u00e7ados. A men\u00e7\u00e3o a Bolsonaro foi interpretada por parte do p\u00fablico como desnecess\u00e1ria em um momento que exige diplomacia e foco na agenda externa.<\/p>\n\n\n\n<p>Durante a conversa, Lula tamb\u00e9m afirmou que o documento enviado por Washington, que mencionava o julgamento de Bolsonaro no Supremo Tribunal Federal, continha informa\u00e7\u00f5es falsas. O presidente declarou ter esclarecido o epis\u00f3dio a Trump, defendendo que o julgamento foi conduzido com seriedade e base em provas.<\/p>\n\n\n\n<p>A reuni\u00e3o marcou o primeiro contato oficial entre Lula e Trump desde o retorno do americano \u00e0 Casa Branca. Trump, que em ocasi\u00f5es anteriores demonstrou respeito por Bolsonaro, manteve postura discreta durante o encontro. Nos pr\u00f3ximos dias, as equipes t\u00e9cnicas dos dois governos devem iniciar tratativas para reduzir as tarifas e restabelecer o equil\u00edbrio nas rela\u00e7\u00f5es comerciais entre Brasil e Estados Unidos.<\/p>\n","protected":false},"excerpt":{"rendered":"<p>Durante encontro com o presidente dos Estados Unidos, Donald Trump, na Mal\u00e1sia, o presidente Luiz In\u00e1cio Lula da Silva (PT) afirmou ter conversado com o republicano sobre o ex-presidente Jair Bolsonaro (PL). Segundo Lula, Trump \u201csabe que rei morto, rei posto\u201d e que Bolsonaro \u201cfaz parte do passado da pol\u00edtica brasileira\u201d. A declara\u00e7\u00e3o foi dada [&hellip;]<\/p>\n","protected":false},"author":2,"featured_media":7584,"comment_status":"open","ping_status":"open","sticky":false,"template":"","format":"standard","meta":{"footnotes":""},"categories":[5],"tags":[],"class_list":["post-7583","post","type-post","status-publish","format-standard","has-post-thumbnail","hentry","category-noticias"],"wpmagazine_modules_lite_featured_media_urls":{"thumbnail":["https:\/\/radioclubedeinhapim.com.br\/wp-content\/uploads\/2025\/10\/Copia-de-Inserir-um-subtitulo-2025-10-27T093345.171-150x150.jpg",150,150,true],"cvmm-medium":["https:\/\/radioclubedeinhapim.com.br\/wp-content\/uploads\/2025\/10\/Copia-de-Inserir-um-subtitulo-2025-10-27T093345.171-300x300.jpg",300,300,true],"cvmm-medium-plus":["https:\/\/radioclubedeinhapim.com.br\/wp-content\/uploads\/2025\/10\/Copia-de-Inserir-um-subtitulo-2025-10-27T093345.171-305x207.jpg",305,207,true],"cvmm-portrait":["https:\/\/radioclubedeinhapim.com.br\/wp-content\/uploads\/2025\/10\/Copia-de-Inserir-um-subtitulo-2025-10-27T093345.171-400x600.jpg",400,600,true],"cvmm-medium-square":["https:\/\/radioclubedeinhapim.com.br\/wp-content\/uploads\/2025\/10\/Copia-de-Inserir-um-subtitulo-2025-10-27T093345.171-600x600.jpg",600,600,true],"cvmm-large":["https:\/\/radioclubedeinhapim.com.br\/wp-content\/uploads\/2025\/10\/Copia-de-Inserir-um-subtitulo-2025-10-27T093345.171-1024x1024.jpg",1024,1024,true],"cvmm-small":["https:\/\/radioclubedeinhapim.com.br\/wp-content\/uploads\/2025\/10\/Copia-de-Inserir-um-subtitulo-2025-10-27T093345.171-130x95.jpg",130,95,true],"full":["https:\/\/radioclubedeinhapim.com.br\/wp-content\/uploads\/2025\/10\/Copia-de-Inserir-um-subtitulo-2025-10-27T093345.171.jpg",1080,1080,false]},"categories_names":{"5":{"name":"Not\u00edcias","link":"https:\/\/radioclubedeinhapim.com.br\/index.php\/category\/noticias\/"}},"tags_names":[],"comments_number":"0","_links":{"self":[{"href":"https:\/\/radioclubedeinhapim.com.br\/index.php\/wp-json\/wp\/v2\/posts\/7583","targetHints":{"allow":["GET"]}}],"collection":[{"href":"https:\/\/radioclubedeinhapim.com.br\/index.php\/wp-json\/wp\/v2\/posts"}],"about":[{"href":"https:\/\/radioclubedeinhapim.com.br\/index.php\/wp-json\/wp\/v2\/types\/post"}],"author":[{"embeddable":true,"href":"https:\/\/radioclubedeinhapim.com.br\/index.php\/wp-json\/wp\/v2\/users\/2"}],"replies":[{"embeddable":true,"href":"https:\/\/radioclubedeinhapim.com.br\/index.php\/wp-json\/wp\/v2\/comments?post=7583"}],"version-history":[{"count":1,"href":"https:\/\/radioclubedeinhapim.com.br\/index.php\/wp-json\/wp\/v2\/posts\/7583\/revisions"}],"predecessor-version":[{"id":7585,"href":"https:\/\/radioclubedeinhapim.com.br\/index.php\/wp-json\/wp\/v2\/posts\/7583\/revisions\/7585"}],"wp:featuredmedia":[{"embeddable":true,"href":"https:\/\/radioclubedeinhapim.com.br\/index.php\/wp-json\/wp\/v2\/media\/7584"}],"wp:attachment":[{"href":"https:\/\/radioclubedeinhapim.com.br\/index.php\/wp-json\/wp\/v2\/media?parent=7583"}],"wp:term":[{"taxonomy":"category","embeddable":true,"href":"https:\/\/radioclubedeinhapim.com.br\/index.php\/wp-json\/wp\/v2\/categories?post=7583"},{"taxonomy":"post_tag","embeddable":true,"href":"https:\/\/radioclubedeinhapim.com.br\/index.php\/wp-json\/wp\/v2\/tags?post=7583"}],"curies":[{"name":"wp","href":"https:\/\/api.w.org\/{rel}","templated":true}]}}