{"id":7693,"date":"2025-11-05T11:55:25","date_gmt":"2025-11-05T14:55:25","guid":{"rendered":"https:\/\/radioclubedeinhapim.com.br\/?p=7693"},"modified":"2025-11-05T11:55:25","modified_gmt":"2025-11-05T14:55:25","slug":"loja-de-moveis-e-eletrodomesticos-e-incendiada-em-sao-joao-do-oriente-suspeita-e-de-crime","status":"publish","type":"post","link":"https:\/\/radioclubedeinhapim.com.br\/index.php\/2025\/11\/05\/loja-de-moveis-e-eletrodomesticos-e-incendiada-em-sao-joao-do-oriente-suspeita-e-de-crime\/","title":{"rendered":"Loja de m\u00f3veis e eletrodom\u00e9sticos \u00e9 incendiada em S\u00e3o Jo\u00e3o do Oriente; suspeita \u00e9 de crime"},"content":{"rendered":"\n<p>Uma loja de m\u00f3veis e eletrodom\u00e9sticos foi incendiada na noite desta ter\u00e7a-feira (4) no Centro de S\u00e3o Jo\u00e3o do Oriente. De acordo com o Corpo de Bombeiros, h\u00e1 suspeita de que o fogo tenha sido provocado por um crime.<\/p>\n\n\n\n<p>Segundo os bombeiros, um homem teria utilizado combust\u00edvel, possivelmente gasolina, para iniciar o inc\u00eandio. O pr\u00e9dio atingido possui dois andares, sendo que as chamas se concentraram no t\u00e9rreo, onde funciona uma loja de m\u00f3veis e eletrodom\u00e9sticos.<\/p>\n\n\n\n<p>Moradores da regi\u00e3o ajudaram a controlar o fogo com o uso de um caminh\u00e3o-pipa. A equipe dos bombeiros realizou os procedimentos adicionais para conter o inc\u00eandio e evitar que o fogo voltasse.<\/p>\n\n\n\n<p>A Pol\u00edcia Civil foi acionada e informou que compareceria ao local na manh\u00e3 desta quarta-feira (5) para iniciar a investiga\u00e7\u00e3o. O im\u00f3vel ficou sob responsabilidade do propriet\u00e1rio e de um funcion\u00e1rio da loja.<\/p>\n\n\n\n<p>At\u00e9 o momento, o suspeito de provocar o inc\u00eandio n\u00e3o foi localizado.<\/p>\n","protected":false},"excerpt":{"rendered":"<p>Uma loja de m\u00f3veis e eletrodom\u00e9sticos foi incendiada na noite desta ter\u00e7a-feira (4) no Centro de S\u00e3o Jo\u00e3o do Oriente. De acordo com o Corpo de Bombeiros, h\u00e1 suspeita de que o fogo tenha sido provocado por um crime. Segundo os bombeiros, um homem teria utilizado combust\u00edvel, possivelmente gasolina, para iniciar o inc\u00eandio. O pr\u00e9dio [&hellip;]<\/p>\n","protected":false},"author":2,"featured_media":7694,"comment_status":"open","ping_status":"open","sticky":false,"template":"","format":"standard","meta":{"footnotes":""},"categories":[5],"tags":[],"class_list":["post-7693","post","type-post","status-publish","format-standard","has-post-thumbnail","hentry","category-noticias"],"wpmagazine_modules_lite_featured_media_urls":{"thumbnail":["https:\/\/radioclubedeinhapim.com.br\/wp-content\/uploads\/2025\/11\/Copia-de-Inserir-um-subtitulo-2025-11-05T115648.432-150x150.jpg",150,150,true],"cvmm-medium":["https:\/\/radioclubedeinhapim.com.br\/wp-content\/uploads\/2025\/11\/Copia-de-Inserir-um-subtitulo-2025-11-05T115648.432-300x300.jpg",300,300,true],"cvmm-medium-plus":["https:\/\/radioclubedeinhapim.com.br\/wp-content\/uploads\/2025\/11\/Copia-de-Inserir-um-subtitulo-2025-11-05T115648.432-305x207.jpg",305,207,true],"cvmm-portrait":["https:\/\/radioclubedeinhapim.com.br\/wp-content\/uploads\/2025\/11\/Copia-de-Inserir-um-subtitulo-2025-11-05T115648.432-400x600.jpg",400,600,true],"cvmm-medium-square":["https:\/\/radioclubedeinhapim.com.br\/wp-content\/uploads\/2025\/11\/Copia-de-Inserir-um-subtitulo-2025-11-05T115648.432-600x600.jpg",600,600,true],"cvmm-large":["https:\/\/radioclubedeinhapim.com.br\/wp-content\/uploads\/2025\/11\/Copia-de-Inserir-um-subtitulo-2025-11-05T115648.432-1024x1024.jpg",1024,1024,true],"cvmm-small":["https:\/\/radioclubedeinhapim.com.br\/wp-content\/uploads\/2025\/11\/Copia-de-Inserir-um-subtitulo-2025-11-05T115648.432-130x95.jpg",130,95,true],"full":["https:\/\/radioclubedeinhapim.com.br\/wp-content\/uploads\/2025\/11\/Copia-de-Inserir-um-subtitulo-2025-11-05T115648.432.jpg",1080,1080,false]},"categories_names":{"5":{"name":"Not\u00edcias","link":"https:\/\/radioclubedeinhapim.com.br\/index.php\/category\/noticias\/"}},"tags_names":[],"comments_number":"0","_links":{"self":[{"href":"https:\/\/radioclubedeinhapim.com.br\/index.php\/wp-json\/wp\/v2\/posts\/7693","targetHints":{"allow":["GET"]}}],"collection":[{"href":"https:\/\/radioclubedeinhapim.com.br\/index.php\/wp-json\/wp\/v2\/posts"}],"about":[{"href":"https:\/\/radioclubedeinhapim.com.br\/index.php\/wp-json\/wp\/v2\/types\/post"}],"author":[{"embeddable":true,"href":"https:\/\/radioclubedeinhapim.com.br\/index.php\/wp-json\/wp\/v2\/users\/2"}],"replies":[{"embeddable":true,"href":"https:\/\/radioclubedeinhapim.com.br\/index.php\/wp-json\/wp\/v2\/comments?post=7693"}],"version-history":[{"count":1,"href":"https:\/\/radioclubedeinhapim.com.br\/index.php\/wp-json\/wp\/v2\/posts\/7693\/revisions"}],"predecessor-version":[{"id":7695,"href":"https:\/\/radioclubedeinhapim.com.br\/index.php\/wp-json\/wp\/v2\/posts\/7693\/revisions\/7695"}],"wp:featuredmedia":[{"embeddable":true,"href":"https:\/\/radioclubedeinhapim.com.br\/index.php\/wp-json\/wp\/v2\/media\/7694"}],"wp:attachment":[{"href":"https:\/\/radioclubedeinhapim.com.br\/index.php\/wp-json\/wp\/v2\/media?parent=7693"}],"wp:term":[{"taxonomy":"category","embeddable":true,"href":"https:\/\/radioclubedeinhapim.com.br\/index.php\/wp-json\/wp\/v2\/categories?post=7693"},{"taxonomy":"post_tag","embeddable":true,"href":"https:\/\/radioclubedeinhapim.com.br\/index.php\/wp-json\/wp\/v2\/tags?post=7693"}],"curies":[{"name":"wp","href":"https:\/\/api.w.org\/{rel}","templated":true}]}}