{"id":7714,"date":"2025-11-06T09:04:31","date_gmt":"2025-11-06T12:04:31","guid":{"rendered":"https:\/\/radioclubedeinhapim.com.br\/?p=7714"},"modified":"2025-11-06T09:04:31","modified_gmt":"2025-11-06T12:04:31","slug":"cupula-dos-lideres-abertura-politica-da-cop-30-comeca-hoje-com-cerca-de-140-paises","status":"publish","type":"post","link":"https:\/\/radioclubedeinhapim.com.br\/index.php\/2025\/11\/06\/cupula-dos-lideres-abertura-politica-da-cop-30-comeca-hoje-com-cerca-de-140-paises\/","title":{"rendered":"C\u00fapula dos L\u00edderes: abertura pol\u00edtica da COP 30 come\u00e7a hoje com cerca de 140 pa\u00edses"},"content":{"rendered":"\n<p>A C\u00fapula dos L\u00edderes da COP30 come\u00e7a nesta quinta-feira (6), em Bel\u00e9m (PA), reunindo mais de 50 chefes de Estado e governo. O evento abre oficialmente as discuss\u00f5es pol\u00edticas da Confer\u00eancia do Clima da ONU, que ocorrer\u00e1 entre 10 e 21 de novembro. Pela primeira vez, os l\u00edderes mundiais se re\u00fanem antes do in\u00edcio da confer\u00eancia para definir o tom das negocia\u00e7\u00f5es.<\/p>\n\n\n\n<p>Organizada pela Presid\u00eancia brasileira, a C\u00fapula busca orientar politicamente as tratativas e lan\u00e7ar\u00e1 o Fundo Florestas Tropicais para Sempre (TFFF), iniciativa que pretende remunerar pa\u00edses que preservam suas florestas. O fundo deve captar cerca de R$ 625 bilh\u00f5es com apoio internacional e investimentos sustent\u00e1veis.<\/p>\n\n\n\n<p>A programa\u00e7\u00e3o conta com tr\u00eas mesas de alto n\u00edvel. A primeira tratar\u00e1 de florestas e oceanos, onde Lula deve apresentar o TFFF. A segunda discutir\u00e1 a transi\u00e7\u00e3o energ\u00e9tica, com metas de triplicar as fontes renov\u00e1veis at\u00e9 2030 e duplicar a efici\u00eancia energ\u00e9tica. A terceira mesa far\u00e1 um balan\u00e7o dos dez anos do Acordo de Paris e discutir\u00e1 o Roteiro Baku\u2013Bel\u00e9m, que prev\u00ea mobilizar US$ 1,3 trilh\u00e3o por ano at\u00e9 2035 para o financiamento clim\u00e1tico global.<\/p>\n\n\n\n<p>Entre os l\u00edderes confirmados est\u00e3o Emmanuel Macron (Fran\u00e7a), Cyril Ramaphosa (\u00c1frica do Sul), Keir Starmer (Reino Unido) e Ursula von der Leyen (Comiss\u00e3o Europeia). O pr\u00edncipe William representa o rei Charles III. Donald Trump, Xi Jinping e Javier Milei n\u00e3o participar\u00e3o.<\/p>\n\n\n\n<p>A C\u00fapula n\u00e3o tem car\u00e1ter deliberativo, mas funciona como um term\u00f4metro pol\u00edtico da COP30, medindo o grau de comprometimento dos pa\u00edses com metas clim\u00e1ticas. Os discursos de abertura ser\u00e3o feitos por Lula e Ant\u00f3nio Guterres, secret\u00e1rio-geral da ONU.<\/p>\n\n\n\n<p>O encontro acontece no Parque da Cidade, em Bel\u00e9m, e simboliza o protagonismo da Amaz\u00f4nia na agenda ambiental global.<\/p>\n","protected":false},"excerpt":{"rendered":"<p>A C\u00fapula dos L\u00edderes da COP30 come\u00e7a nesta quinta-feira (6), em Bel\u00e9m (PA), reunindo mais de 50 chefes de Estado e governo. O evento abre oficialmente as discuss\u00f5es pol\u00edticas da Confer\u00eancia do Clima da ONU, que ocorrer\u00e1 entre 10 e 21 de novembro. Pela primeira vez, os l\u00edderes mundiais se re\u00fanem antes do in\u00edcio da [&hellip;]<\/p>\n","protected":false},"author":2,"featured_media":7715,"comment_status":"open","ping_status":"open","sticky":false,"template":"","format":"standard","meta":{"footnotes":""},"categories":[5],"tags":[],"class_list":["post-7714","post","type-post","status-publish","format-standard","has-post-thumbnail","hentry","category-noticias"],"wpmagazine_modules_lite_featured_media_urls":{"thumbnail":["https:\/\/radioclubedeinhapim.com.br\/wp-content\/uploads\/2025\/11\/Copia-de-Inserir-um-subtitulo-2025-11-06T085758.714-150x150.jpg",150,150,true],"cvmm-medium":["https:\/\/radioclubedeinhapim.com.br\/wp-content\/uploads\/2025\/11\/Copia-de-Inserir-um-subtitulo-2025-11-06T085758.714-300x300.jpg",300,300,true],"cvmm-medium-plus":["https:\/\/radioclubedeinhapim.com.br\/wp-content\/uploads\/2025\/11\/Copia-de-Inserir-um-subtitulo-2025-11-06T085758.714-305x207.jpg",305,207,true],"cvmm-portrait":["https:\/\/radioclubedeinhapim.com.br\/wp-content\/uploads\/2025\/11\/Copia-de-Inserir-um-subtitulo-2025-11-06T085758.714-400x600.jpg",400,600,true],"cvmm-medium-square":["https:\/\/radioclubedeinhapim.com.br\/wp-content\/uploads\/2025\/11\/Copia-de-Inserir-um-subtitulo-2025-11-06T085758.714-600x600.jpg",600,600,true],"cvmm-large":["https:\/\/radioclubedeinhapim.com.br\/wp-content\/uploads\/2025\/11\/Copia-de-Inserir-um-subtitulo-2025-11-06T085758.714-1024x1024.jpg",1024,1024,true],"cvmm-small":["https:\/\/radioclubedeinhapim.com.br\/wp-content\/uploads\/2025\/11\/Copia-de-Inserir-um-subtitulo-2025-11-06T085758.714-130x95.jpg",130,95,true],"full":["https:\/\/radioclubedeinhapim.com.br\/wp-content\/uploads\/2025\/11\/Copia-de-Inserir-um-subtitulo-2025-11-06T085758.714.jpg",1080,1080,false]},"categories_names":{"5":{"name":"Not\u00edcias","link":"https:\/\/radioclubedeinhapim.com.br\/index.php\/category\/noticias\/"}},"tags_names":[],"comments_number":"0","_links":{"self":[{"href":"https:\/\/radioclubedeinhapim.com.br\/index.php\/wp-json\/wp\/v2\/posts\/7714","targetHints":{"allow":["GET"]}}],"collection":[{"href":"https:\/\/radioclubedeinhapim.com.br\/index.php\/wp-json\/wp\/v2\/posts"}],"about":[{"href":"https:\/\/radioclubedeinhapim.com.br\/index.php\/wp-json\/wp\/v2\/types\/post"}],"author":[{"embeddable":true,"href":"https:\/\/radioclubedeinhapim.com.br\/index.php\/wp-json\/wp\/v2\/users\/2"}],"replies":[{"embeddable":true,"href":"https:\/\/radioclubedeinhapim.com.br\/index.php\/wp-json\/wp\/v2\/comments?post=7714"}],"version-history":[{"count":1,"href":"https:\/\/radioclubedeinhapim.com.br\/index.php\/wp-json\/wp\/v2\/posts\/7714\/revisions"}],"predecessor-version":[{"id":7716,"href":"https:\/\/radioclubedeinhapim.com.br\/index.php\/wp-json\/wp\/v2\/posts\/7714\/revisions\/7716"}],"wp:featuredmedia":[{"embeddable":true,"href":"https:\/\/radioclubedeinhapim.com.br\/index.php\/wp-json\/wp\/v2\/media\/7715"}],"wp:attachment":[{"href":"https:\/\/radioclubedeinhapim.com.br\/index.php\/wp-json\/wp\/v2\/media?parent=7714"}],"wp:term":[{"taxonomy":"category","embeddable":true,"href":"https:\/\/radioclubedeinhapim.com.br\/index.php\/wp-json\/wp\/v2\/categories?post=7714"},{"taxonomy":"post_tag","embeddable":true,"href":"https:\/\/radioclubedeinhapim.com.br\/index.php\/wp-json\/wp\/v2\/tags?post=7714"}],"curies":[{"name":"wp","href":"https:\/\/api.w.org\/{rel}","templated":true}]}}