{"id":773,"date":"2024-07-17T09:22:07","date_gmt":"2024-07-17T12:22:07","guid":{"rendered":"https:\/\/radioclubedeinhapim.com.br\/?p=773"},"modified":"2024-07-17T09:22:07","modified_gmt":"2024-07-17T12:22:07","slug":"policia-civil-emite-nota-a-respeito-do-caso-do-empresario-de-caratinga-que-teria-recebido-substancia-suspeita-e-aparelhos-celulares-sem-nota-fiscal","status":"publish","type":"post","link":"https:\/\/radioclubedeinhapim.com.br\/index.php\/2024\/07\/17\/policia-civil-emite-nota-a-respeito-do-caso-do-empresario-de-caratinga-que-teria-recebido-substancia-suspeita-e-aparelhos-celulares-sem-nota-fiscal\/","title":{"rendered":"Pol\u00edcia Civil emite nota \u00e0 respeito do caso do empres\u00e1rio de Caratinga que teria recebido subst\u00e2ncia suspeita e aparelhos celulares sem nota fiscal"},"content":{"rendered":"\n<p>Pol\u00edcia Civil de Caratinga emite nota \u00e0 respeito do caso que envolve empres\u00e1rio e outras duas pessoas, que foram encaminhados para a Delegacia Regional de Caratinga em raz\u00e3o de terem recebido uma encomenda dos Correios com uma subst\u00e2ncia suspeita e produtos eletr\u00f4nicos sem nota fiscal, na \u00faltima quinta-feira:<\/p>\n\n\n\n<p>\u2018\u2019 A Pol\u00edcia Civil informa que \u00e0 respeito do empres\u00e1rio e outras duas pessoas que foram encaminhadas para a Delegacia Regional de Caratinga em raz\u00e3o de terem recebido uma <a><\/a>encomenda dos Correios com uma subst\u00e2ncia e produtos eletr\u00f4nicos na \u00faltima quinta-feira, vem esclarecer o seguinte:<\/p>\n\n\n\n<p>Ap\u00f3s exames periciais, preliminar e definitivo, restou conclu\u00eddo que a subst\u00e2ncia analisada n\u00e3o se tratava de coca\u00edna.<\/p>\n\n\n\n<p>Restou ainda apurado que a subst\u00e2ncia tinha como destinat\u00e1ria pessoa diversa, a qual deveria ser entregue no Estado de S\u00e3o Paulo.<\/p>\n\n\n\n<p>A Pol\u00edcia Civil esclarece que a investiga\u00e7\u00e3o continua em andamento, visando esclarecer do que se trata a subst\u00e2ncia apreendida, bem como o paradeiro das mercadorias eletr\u00f4nicas licitamente adquiridas pelo empres\u00e1rio, as quais deveriam ser entregues a ele e foram desviadas\/subtra\u00eddas, a fim de recuper\u00e1-las e restitu\u00ed-las.<\/p>\n\n\n\n<p>Caratinga, 16 de julho de 2024.\u2019\u2019<\/p>\n","protected":false},"excerpt":{"rendered":"<p>Pol\u00edcia Civil de Caratinga emite nota \u00e0 respeito do caso que envolve empres\u00e1rio e outras duas pessoas, que foram encaminhados para a Delegacia Regional de Caratinga em raz\u00e3o de terem recebido uma encomenda dos Correios com uma subst\u00e2ncia suspeita e produtos eletr\u00f4nicos sem nota fiscal, na \u00faltima quinta-feira: \u2018\u2019 A Pol\u00edcia Civil informa que \u00e0 [&hellip;]<\/p>\n","protected":false},"author":2,"featured_media":775,"comment_status":"open","ping_status":"open","sticky":false,"template":"","format":"standard","meta":{"footnotes":""},"categories":[5],"tags":[],"class_list":["post-773","post","type-post","status-publish","format-standard","has-post-thumbnail","hentry","category-noticias"],"wpmagazine_modules_lite_featured_media_urls":{"thumbnail":["https:\/\/radioclubedeinhapim.com.br\/wp-content\/uploads\/2024\/07\/Copia-de-Inserir-um-subtitulo-80-150x150.jpg",150,150,true],"cvmm-medium":["https:\/\/radioclubedeinhapim.com.br\/wp-content\/uploads\/2024\/07\/Copia-de-Inserir-um-subtitulo-80-300x300.jpg",300,300,true],"cvmm-medium-plus":["https:\/\/radioclubedeinhapim.com.br\/wp-content\/uploads\/2024\/07\/Copia-de-Inserir-um-subtitulo-80-305x207.jpg",305,207,true],"cvmm-portrait":["https:\/\/radioclubedeinhapim.com.br\/wp-content\/uploads\/2024\/07\/Copia-de-Inserir-um-subtitulo-80-400x600.jpg",400,600,true],"cvmm-medium-square":["https:\/\/radioclubedeinhapim.com.br\/wp-content\/uploads\/2024\/07\/Copia-de-Inserir-um-subtitulo-80-600x600.jpg",600,600,true],"cvmm-large":["https:\/\/radioclubedeinhapim.com.br\/wp-content\/uploads\/2024\/07\/Copia-de-Inserir-um-subtitulo-80-1024x1024.jpg",1024,1024,true],"cvmm-small":["https:\/\/radioclubedeinhapim.com.br\/wp-content\/uploads\/2024\/07\/Copia-de-Inserir-um-subtitulo-80-130x95.jpg",130,95,true],"full":["https:\/\/radioclubedeinhapim.com.br\/wp-content\/uploads\/2024\/07\/Copia-de-Inserir-um-subtitulo-80.jpg",1080,1080,false]},"categories_names":{"5":{"name":"Not\u00edcias","link":"https:\/\/radioclubedeinhapim.com.br\/index.php\/category\/noticias\/"}},"tags_names":[],"comments_number":"0","_links":{"self":[{"href":"https:\/\/radioclubedeinhapim.com.br\/index.php\/wp-json\/wp\/v2\/posts\/773","targetHints":{"allow":["GET"]}}],"collection":[{"href":"https:\/\/radioclubedeinhapim.com.br\/index.php\/wp-json\/wp\/v2\/posts"}],"about":[{"href":"https:\/\/radioclubedeinhapim.com.br\/index.php\/wp-json\/wp\/v2\/types\/post"}],"author":[{"embeddable":true,"href":"https:\/\/radioclubedeinhapim.com.br\/index.php\/wp-json\/wp\/v2\/users\/2"}],"replies":[{"embeddable":true,"href":"https:\/\/radioclubedeinhapim.com.br\/index.php\/wp-json\/wp\/v2\/comments?post=773"}],"version-history":[{"count":1,"href":"https:\/\/radioclubedeinhapim.com.br\/index.php\/wp-json\/wp\/v2\/posts\/773\/revisions"}],"predecessor-version":[{"id":774,"href":"https:\/\/radioclubedeinhapim.com.br\/index.php\/wp-json\/wp\/v2\/posts\/773\/revisions\/774"}],"wp:featuredmedia":[{"embeddable":true,"href":"https:\/\/radioclubedeinhapim.com.br\/index.php\/wp-json\/wp\/v2\/media\/775"}],"wp:attachment":[{"href":"https:\/\/radioclubedeinhapim.com.br\/index.php\/wp-json\/wp\/v2\/media?parent=773"}],"wp:term":[{"taxonomy":"category","embeddable":true,"href":"https:\/\/radioclubedeinhapim.com.br\/index.php\/wp-json\/wp\/v2\/categories?post=773"},{"taxonomy":"post_tag","embeddable":true,"href":"https:\/\/radioclubedeinhapim.com.br\/index.php\/wp-json\/wp\/v2\/tags?post=773"}],"curies":[{"name":"wp","href":"https:\/\/api.w.org\/{rel}","templated":true}]}}