{"id":7739,"date":"2025-11-07T15:38:06","date_gmt":"2025-11-07T18:38:06","guid":{"rendered":"https:\/\/radioclubedeinhapim.com.br\/?p=7739"},"modified":"2025-11-07T15:38:06","modified_gmt":"2025-11-07T18:38:06","slug":"cinco-pessoas-ficam-feridas-em-acidente-entre-viatura-da-pm-e-carro-na-br-259","status":"publish","type":"post","link":"https:\/\/radioclubedeinhapim.com.br\/index.php\/2025\/11\/07\/cinco-pessoas-ficam-feridas-em-acidente-entre-viatura-da-pm-e-carro-na-br-259\/","title":{"rendered":"Cinco pessoas ficam feridas em acidente entre viatura da PM e carro na BR-259"},"content":{"rendered":"\n<p><a><\/a>Cinco pessoas ficaram feridas em um acidente envolvendo uma viatura da Pol\u00edcia Militar e um carro na manh\u00e3 desta sexta-feira (7), no km 165 da BR-259, em Governador Valadares.<\/p>\n\n\n\n<p>Segundo informa\u00e7\u00f5es da PM, os dois ve\u00edculos seguiam em dire\u00e7\u00e3o ao bairro Sir quando o carro, que estava \u00e0 frente da viatura, tentou ultrapassar outro autom\u00f3vel. O motorista desistiu da manobra e retornou \u00e0 faixa de origem, momento em que foi atingido na traseira pela viatura. Com o impacto, os dois ve\u00edculos sa\u00edram da pista, e o carro chegou a capotar.<\/p>\n\n\n\n<p>A viatura transportava quatro militares e seguia de Mantena para Governador Valadares, onde faria a escolta da retirada das provas do Exame Nacional do Ensino M\u00e9dio (Enem). No outro ve\u00edculo estavam um homem e uma mulher.<\/p>\n\n\n\n<p>Tr\u00eas militares e o casal que estava no carro sofreram ferimentos leves e foram encaminhados ao Hospital Municipal de Governador Valadares. O quarto policial foi atendido no local e n\u00e3o precisou ser levado para a unidade de sa\u00fade.<\/p>\n\n\n\n<p>A Pol\u00edcia Militar informou que o trecho onde ocorreu o acidente possui sinaliza\u00e7\u00e3o que pro\u00edbe ultrapassagens, com faixa dupla cont\u00ednua no asfalto.<\/p>\n","protected":false},"excerpt":{"rendered":"<p>Cinco pessoas ficaram feridas em um acidente envolvendo uma viatura da Pol\u00edcia Militar e um carro na manh\u00e3 desta sexta-feira (7), no km 165 da BR-259, em Governador Valadares. Segundo informa\u00e7\u00f5es da PM, os dois ve\u00edculos seguiam em dire\u00e7\u00e3o ao bairro Sir quando o carro, que estava \u00e0 frente da viatura, tentou ultrapassar outro autom\u00f3vel. [&hellip;]<\/p>\n","protected":false},"author":2,"featured_media":7740,"comment_status":"open","ping_status":"open","sticky":false,"template":"","format":"standard","meta":{"footnotes":""},"categories":[5],"tags":[],"class_list":["post-7739","post","type-post","status-publish","format-standard","has-post-thumbnail","hentry","category-noticias"],"wpmagazine_modules_lite_featured_media_urls":{"thumbnail":["https:\/\/radioclubedeinhapim.com.br\/wp-content\/uploads\/2025\/11\/bb-2-150x150.jpg",150,150,true],"cvmm-medium":["https:\/\/radioclubedeinhapim.com.br\/wp-content\/uploads\/2025\/11\/bb-2-300x300.jpg",300,300,true],"cvmm-medium-plus":["https:\/\/radioclubedeinhapim.com.br\/wp-content\/uploads\/2025\/11\/bb-2-305x207.jpg",305,207,true],"cvmm-portrait":["https:\/\/radioclubedeinhapim.com.br\/wp-content\/uploads\/2025\/11\/bb-2-400x600.jpg",400,600,true],"cvmm-medium-square":["https:\/\/radioclubedeinhapim.com.br\/wp-content\/uploads\/2025\/11\/bb-2-600x600.jpg",600,600,true],"cvmm-large":["https:\/\/radioclubedeinhapim.com.br\/wp-content\/uploads\/2025\/11\/bb-2-1024x1024.jpg",1024,1024,true],"cvmm-small":["https:\/\/radioclubedeinhapim.com.br\/wp-content\/uploads\/2025\/11\/bb-2-130x95.jpg",130,95,true],"full":["https:\/\/radioclubedeinhapim.com.br\/wp-content\/uploads\/2025\/11\/bb-2.jpg",1080,1080,false]},"categories_names":{"5":{"name":"Not\u00edcias","link":"https:\/\/radioclubedeinhapim.com.br\/index.php\/category\/noticias\/"}},"tags_names":[],"comments_number":"0","_links":{"self":[{"href":"https:\/\/radioclubedeinhapim.com.br\/index.php\/wp-json\/wp\/v2\/posts\/7739","targetHints":{"allow":["GET"]}}],"collection":[{"href":"https:\/\/radioclubedeinhapim.com.br\/index.php\/wp-json\/wp\/v2\/posts"}],"about":[{"href":"https:\/\/radioclubedeinhapim.com.br\/index.php\/wp-json\/wp\/v2\/types\/post"}],"author":[{"embeddable":true,"href":"https:\/\/radioclubedeinhapim.com.br\/index.php\/wp-json\/wp\/v2\/users\/2"}],"replies":[{"embeddable":true,"href":"https:\/\/radioclubedeinhapim.com.br\/index.php\/wp-json\/wp\/v2\/comments?post=7739"}],"version-history":[{"count":1,"href":"https:\/\/radioclubedeinhapim.com.br\/index.php\/wp-json\/wp\/v2\/posts\/7739\/revisions"}],"predecessor-version":[{"id":7741,"href":"https:\/\/radioclubedeinhapim.com.br\/index.php\/wp-json\/wp\/v2\/posts\/7739\/revisions\/7741"}],"wp:featuredmedia":[{"embeddable":true,"href":"https:\/\/radioclubedeinhapim.com.br\/index.php\/wp-json\/wp\/v2\/media\/7740"}],"wp:attachment":[{"href":"https:\/\/radioclubedeinhapim.com.br\/index.php\/wp-json\/wp\/v2\/media?parent=7739"}],"wp:term":[{"taxonomy":"category","embeddable":true,"href":"https:\/\/radioclubedeinhapim.com.br\/index.php\/wp-json\/wp\/v2\/categories?post=7739"},{"taxonomy":"post_tag","embeddable":true,"href":"https:\/\/radioclubedeinhapim.com.br\/index.php\/wp-json\/wp\/v2\/tags?post=7739"}],"curies":[{"name":"wp","href":"https:\/\/api.w.org\/{rel}","templated":true}]}}