{"id":7820,"date":"2025-11-12T09:49:06","date_gmt":"2025-11-12T12:49:06","guid":{"rendered":"https:\/\/radioclubedeinhapim.com.br\/?p=7820"},"modified":"2025-11-12T09:49:06","modified_gmt":"2025-11-12T12:49:06","slug":"policia-militar-prende-homem-por-trafico-de-drogas-receptacao-e-posse-de-municao-em-caratinga","status":"publish","type":"post","link":"https:\/\/radioclubedeinhapim.com.br\/index.php\/2025\/11\/12\/policia-militar-prende-homem-por-trafico-de-drogas-receptacao-e-posse-de-municao-em-caratinga\/","title":{"rendered":"POL\u00cdCIA MILITAR PRENDE HOMEM POR TR\u00c1FICO DE DROGAS, RECEPTA\u00c7\u00c3O E POSSE DE MUNI\u00c7\u00c3O EM CARATINGA"},"content":{"rendered":"\n<p>Na madrugada desta quarta-feira (12\/11), a Pol\u00edcia Militar de Minas Gerais, por meio do 62\u00ba Batalh\u00e3o, prendeu um homem de 32 anos no bairro Esplanada, em Caratinga, pelos crimes de tr\u00e1fico de drogas, recepta\u00e7\u00e3o e posse ilegal de muni\u00e7\u00e3o de uso permitido.<\/p>\n\n\n\n<p>Durante patrulhamento pelo bairro, os militares avistaram o autor em frente \u00e0 resid\u00eancia denunciada. Ao perceber a aproxima\u00e7\u00e3o da viatura, o homem correu para dentro do im\u00f3vel, sendo perseguido e contido pelos policiais.<\/p>\n\n\n\n<p>Durante as buscas, foi localizada uma pochete contendo uma pedra bruta de crack, um tablete m\u00e9dio de maconha e dinheiro. Em varredura no restante da casa, os militares encontraram grande quantidade de entorpecentes, muni\u00e7\u00f5es e objetos de proced\u00eancia duvidosa.<\/p>\n\n\n\n<p>O autor foi preso em flagrante e encaminhado, juntamente com os materiais apreendidos, \u00e0 Delegacia de Pol\u00edcia Civil de Caratinga.<\/p>\n\n\n\n<p>Materiais apreendidos:<br>\u2022 03 barras de maconha;<br>\u2022 01 pedra bruta de crack;<br>\u2022 01 tablete m\u00e9dio de maconha;<br>\u2022 01 bucha de haxixe;<br>\u2022 R$ 841,00 em dinheiro;<br>\u2022 02 muni\u00e7\u00f5es calibre .380;<br>\u2022 01 muni\u00e7\u00e3o calibre .38;<br>\u2022 01 rolo de pl\u00e1stico filme;<br>\u2022 01 caderno de anota\u00e7\u00f5es;<br>\u2022 03 telefones celulares;<br>\u2022 02 balan\u00e7as digitais;<br>\u2022 01 balan\u00e7a de precis\u00e3o;<br>\u2022 02 bombas submers\u00edveis;<br>\u2022 01 guincho de coluna el\u00e9trico;<br>\u2022 01 serra m\u00e1rmore;<br>\u2022 01 esmerilhadeira;<br>\u2022 01 micro ret\u00edfica;<br>\u2022 01 furadeira;<br>\u2022 01 parafusadeira\/furadeira;<br>\u2022 02 c\u00e2meras de monitoramento.<\/p>\n\n\n\n<p>62\u00ba BPM<\/p>\n","protected":false},"excerpt":{"rendered":"<p>Na madrugada desta quarta-feira (12\/11), a Pol\u00edcia Militar de Minas Gerais, por meio do 62\u00ba Batalh\u00e3o, prendeu um homem de 32 anos no bairro Esplanada, em Caratinga, pelos crimes de tr\u00e1fico de drogas, recepta\u00e7\u00e3o e posse ilegal de muni\u00e7\u00e3o de uso permitido. Durante patrulhamento pelo bairro, os militares avistaram o autor em frente \u00e0 resid\u00eancia [&hellip;]<\/p>\n","protected":false},"author":2,"featured_media":7821,"comment_status":"open","ping_status":"open","sticky":false,"template":"","format":"standard","meta":{"footnotes":""},"categories":[5],"tags":[],"class_list":["post-7820","post","type-post","status-publish","format-standard","has-post-thumbnail","hentry","category-noticias"],"wpmagazine_modules_lite_featured_media_urls":{"thumbnail":["https:\/\/radioclubedeinhapim.com.br\/wp-content\/uploads\/2025\/11\/Copia-de-Inserir-um-subtitulo-2025-11-12T094722.899-150x150.jpg",150,150,true],"cvmm-medium":["https:\/\/radioclubedeinhapim.com.br\/wp-content\/uploads\/2025\/11\/Copia-de-Inserir-um-subtitulo-2025-11-12T094722.899-300x300.jpg",300,300,true],"cvmm-medium-plus":["https:\/\/radioclubedeinhapim.com.br\/wp-content\/uploads\/2025\/11\/Copia-de-Inserir-um-subtitulo-2025-11-12T094722.899-305x207.jpg",305,207,true],"cvmm-portrait":["https:\/\/radioclubedeinhapim.com.br\/wp-content\/uploads\/2025\/11\/Copia-de-Inserir-um-subtitulo-2025-11-12T094722.899-400x600.jpg",400,600,true],"cvmm-medium-square":["https:\/\/radioclubedeinhapim.com.br\/wp-content\/uploads\/2025\/11\/Copia-de-Inserir-um-subtitulo-2025-11-12T094722.899-600x600.jpg",600,600,true],"cvmm-large":["https:\/\/radioclubedeinhapim.com.br\/wp-content\/uploads\/2025\/11\/Copia-de-Inserir-um-subtitulo-2025-11-12T094722.899-1024x1024.jpg",1024,1024,true],"cvmm-small":["https:\/\/radioclubedeinhapim.com.br\/wp-content\/uploads\/2025\/11\/Copia-de-Inserir-um-subtitulo-2025-11-12T094722.899-130x95.jpg",130,95,true],"full":["https:\/\/radioclubedeinhapim.com.br\/wp-content\/uploads\/2025\/11\/Copia-de-Inserir-um-subtitulo-2025-11-12T094722.899.jpg",1080,1080,false]},"categories_names":{"5":{"name":"Not\u00edcias","link":"https:\/\/radioclubedeinhapim.com.br\/index.php\/category\/noticias\/"}},"tags_names":[],"comments_number":"0","_links":{"self":[{"href":"https:\/\/radioclubedeinhapim.com.br\/index.php\/wp-json\/wp\/v2\/posts\/7820","targetHints":{"allow":["GET"]}}],"collection":[{"href":"https:\/\/radioclubedeinhapim.com.br\/index.php\/wp-json\/wp\/v2\/posts"}],"about":[{"href":"https:\/\/radioclubedeinhapim.com.br\/index.php\/wp-json\/wp\/v2\/types\/post"}],"author":[{"embeddable":true,"href":"https:\/\/radioclubedeinhapim.com.br\/index.php\/wp-json\/wp\/v2\/users\/2"}],"replies":[{"embeddable":true,"href":"https:\/\/radioclubedeinhapim.com.br\/index.php\/wp-json\/wp\/v2\/comments?post=7820"}],"version-history":[{"count":1,"href":"https:\/\/radioclubedeinhapim.com.br\/index.php\/wp-json\/wp\/v2\/posts\/7820\/revisions"}],"predecessor-version":[{"id":7822,"href":"https:\/\/radioclubedeinhapim.com.br\/index.php\/wp-json\/wp\/v2\/posts\/7820\/revisions\/7822"}],"wp:featuredmedia":[{"embeddable":true,"href":"https:\/\/radioclubedeinhapim.com.br\/index.php\/wp-json\/wp\/v2\/media\/7821"}],"wp:attachment":[{"href":"https:\/\/radioclubedeinhapim.com.br\/index.php\/wp-json\/wp\/v2\/media?parent=7820"}],"wp:term":[{"taxonomy":"category","embeddable":true,"href":"https:\/\/radioclubedeinhapim.com.br\/index.php\/wp-json\/wp\/v2\/categories?post=7820"},{"taxonomy":"post_tag","embeddable":true,"href":"https:\/\/radioclubedeinhapim.com.br\/index.php\/wp-json\/wp\/v2\/tags?post=7820"}],"curies":[{"name":"wp","href":"https:\/\/api.w.org\/{rel}","templated":true}]}}