{"id":7879,"date":"2025-11-14T14:56:51","date_gmt":"2025-11-14T17:56:51","guid":{"rendered":"https:\/\/radioclubedeinhapim.com.br\/?p=7879"},"modified":"2025-11-14T14:56:51","modified_gmt":"2025-11-14T17:56:51","slug":"justica-do-rio-suspende-falencia-da-oi-decretada-dias-antes-por-juiza","status":"publish","type":"post","link":"https:\/\/radioclubedeinhapim.com.br\/index.php\/2025\/11\/14\/justica-do-rio-suspende-falencia-da-oi-decretada-dias-antes-por-juiza\/","title":{"rendered":"Justi\u00e7a do Rio suspende fal\u00eancia da Oi decretada dias antes por ju\u00edza"},"content":{"rendered":"\n<p>A <a><\/a>segunda inst\u00e2ncia do Tribunal de Justi\u00e7a do Rio de Janeiro (TJRJ) suspendeu a decreta\u00e7\u00e3o de fal\u00eancia da Oi e determinou a retomada da recupera\u00e7\u00e3o judicial da companhia de telecomunica\u00e7\u00f5es, processo que dura quase dez anos.<\/p>\n\n\n\n<p>A decis\u00e3o foi tomada pela desembargadora M\u00f4nica Maria Costa, da Primeira C\u00e2mara de Direito Privado do TJRJ. Ela atendeu a pedidos de bancos credores como Ita\u00fa e Bradesco e reverteu a fal\u00eancia que havia sido decretada pela 7\u00aa Vara Empresarial do Rio de Janeiro na \u00faltima segunda-feira (10).<\/p>\n\n\n\n<p>Os bancos sustentaram que interromper o funcionamento da empresa pode gerar preju\u00edzos irrecuper\u00e1veis para credores, clientes e funcion\u00e1rios. Eles pediram nova oportunidade para que que a companhia cumpra o plano aprovado na recupera\u00e7\u00e3o, incluindo a venda de ativos capazes de fazer caixa para o pagamento de d\u00edvidas.<\/p>\n\n\n\n<p>A desembargadora que analisou o recurso deu raz\u00e3o aos credores, afirmando que a liquida\u00e7\u00e3o antecipada e desordenada implicaria em desvaloriza\u00e7\u00e3o abrupta dos ativos da companhia, al\u00e9m de causar preju\u00edzos ao p\u00fablico, devido aos relevantes servi\u00e7os prestados pela Oi.<\/p>\n\n\n\n<p>Costa determinou a reintegra\u00e7\u00e3o dos administradores judiciais anteriores e mandou ainda que seja investigada a empresa norte-americana Pimco, gestora de recursos financeiros que acabou ficando com o controle da Oi ap\u00f3s a execu\u00e7\u00e3o de t\u00edtulos vencidos.<\/p>\n\n\n\n<p>A magistrada afirmou que a recupera\u00e7\u00e3o judicial \u00e9 o meio que permite uma liquida\u00e7\u00e3o mais \u201corganizada e planejada dos ativos\u201d.<\/p>\n\n\n\n<p>Ag\u00eancia Brasil<\/p>\n","protected":false},"excerpt":{"rendered":"<p>A segunda inst\u00e2ncia do Tribunal de Justi\u00e7a do Rio de Janeiro (TJRJ) suspendeu a decreta\u00e7\u00e3o de fal\u00eancia da Oi e determinou a retomada da recupera\u00e7\u00e3o judicial da companhia de telecomunica\u00e7\u00f5es, processo que dura quase dez anos. A decis\u00e3o foi tomada pela desembargadora M\u00f4nica Maria Costa, da Primeira C\u00e2mara de Direito Privado do TJRJ. Ela atendeu [&hellip;]<\/p>\n","protected":false},"author":2,"featured_media":7880,"comment_status":"open","ping_status":"open","sticky":false,"template":"","format":"standard","meta":{"footnotes":""},"categories":[5],"tags":[],"class_list":["post-7879","post","type-post","status-publish","format-standard","has-post-thumbnail","hentry","category-noticias"],"wpmagazine_modules_lite_featured_media_urls":{"thumbnail":["https:\/\/radioclubedeinhapim.com.br\/wp-content\/uploads\/2025\/11\/ff-150x150.jpg",150,150,true],"cvmm-medium":["https:\/\/radioclubedeinhapim.com.br\/wp-content\/uploads\/2025\/11\/ff-300x300.jpg",300,300,true],"cvmm-medium-plus":["https:\/\/radioclubedeinhapim.com.br\/wp-content\/uploads\/2025\/11\/ff-305x207.jpg",305,207,true],"cvmm-portrait":["https:\/\/radioclubedeinhapim.com.br\/wp-content\/uploads\/2025\/11\/ff-400x600.jpg",400,600,true],"cvmm-medium-square":["https:\/\/radioclubedeinhapim.com.br\/wp-content\/uploads\/2025\/11\/ff-600x600.jpg",600,600,true],"cvmm-large":["https:\/\/radioclubedeinhapim.com.br\/wp-content\/uploads\/2025\/11\/ff-1024x1024.jpg",1024,1024,true],"cvmm-small":["https:\/\/radioclubedeinhapim.com.br\/wp-content\/uploads\/2025\/11\/ff-130x95.jpg",130,95,true],"full":["https:\/\/radioclubedeinhapim.com.br\/wp-content\/uploads\/2025\/11\/ff.jpg",1080,1080,false]},"categories_names":{"5":{"name":"Not\u00edcias","link":"https:\/\/radioclubedeinhapim.com.br\/index.php\/category\/noticias\/"}},"tags_names":[],"comments_number":"0","_links":{"self":[{"href":"https:\/\/radioclubedeinhapim.com.br\/index.php\/wp-json\/wp\/v2\/posts\/7879","targetHints":{"allow":["GET"]}}],"collection":[{"href":"https:\/\/radioclubedeinhapim.com.br\/index.php\/wp-json\/wp\/v2\/posts"}],"about":[{"href":"https:\/\/radioclubedeinhapim.com.br\/index.php\/wp-json\/wp\/v2\/types\/post"}],"author":[{"embeddable":true,"href":"https:\/\/radioclubedeinhapim.com.br\/index.php\/wp-json\/wp\/v2\/users\/2"}],"replies":[{"embeddable":true,"href":"https:\/\/radioclubedeinhapim.com.br\/index.php\/wp-json\/wp\/v2\/comments?post=7879"}],"version-history":[{"count":1,"href":"https:\/\/radioclubedeinhapim.com.br\/index.php\/wp-json\/wp\/v2\/posts\/7879\/revisions"}],"predecessor-version":[{"id":7881,"href":"https:\/\/radioclubedeinhapim.com.br\/index.php\/wp-json\/wp\/v2\/posts\/7879\/revisions\/7881"}],"wp:featuredmedia":[{"embeddable":true,"href":"https:\/\/radioclubedeinhapim.com.br\/index.php\/wp-json\/wp\/v2\/media\/7880"}],"wp:attachment":[{"href":"https:\/\/radioclubedeinhapim.com.br\/index.php\/wp-json\/wp\/v2\/media?parent=7879"}],"wp:term":[{"taxonomy":"category","embeddable":true,"href":"https:\/\/radioclubedeinhapim.com.br\/index.php\/wp-json\/wp\/v2\/categories?post=7879"},{"taxonomy":"post_tag","embeddable":true,"href":"https:\/\/radioclubedeinhapim.com.br\/index.php\/wp-json\/wp\/v2\/tags?post=7879"}],"curies":[{"name":"wp","href":"https:\/\/api.w.org\/{rel}","templated":true}]}}