{"id":788,"date":"2024-07-17T10:52:17","date_gmt":"2024-07-17T13:52:17","guid":{"rendered":"https:\/\/radioclubedeinhapim.com.br\/?p=788"},"modified":"2024-07-17T10:52:17","modified_gmt":"2024-07-17T13:52:17","slug":"pm-prende-autor-de-homicidio-em-antonio-dias-na-regiao-do-vale-do-aco","status":"publish","type":"post","link":"https:\/\/radioclubedeinhapim.com.br\/index.php\/2024\/07\/17\/pm-prende-autor-de-homicidio-em-antonio-dias-na-regiao-do-vale-do-aco\/","title":{"rendered":"PM prende autor de homic\u00eddio em Ant\u00f4nio Dias, na regi\u00e3o do Vale do A\u00e7o"},"content":{"rendered":"\n<p>A pol\u00edcia militar prendeu dois homens envolvidos no homic\u00eddio de Leonardo Anast\u00e1cio, 32 anos, ocorrido na Rua Manoel de Castro Moraes, Novo Centro, Ant\u00f4nio Dias. A v\u00edtima foi encontrada inconsciente com um ferimento na cabe\u00e7a por sua esposa, que havia sa\u00eddo para comprar p\u00e3o, e o Samu constatou o \u00f3bito no local.<\/p>\n\n\n\n<p>A esposa da v\u00edtima relatou \u00e0 pol\u00edcia que, ao retornar para casa, encontrou o marido ferido e <a><\/a>inconsciente ap\u00f3s ter sido atacado com um instrumento perfuro cortante enquanto dormia. Em dilig\u00eancias, a pol\u00edcia identificou e prendeu os autores do crime: um homem de 49 anos, sogro da v\u00edtima, e um amigo da fam\u00edlia, de 36 anos.<\/p>\n\n\n\n<p>De acordo com a Pol\u00edcia Militar, o sogro confessou que matou o genro devido \u00e0s constantes agress\u00f5es que este praticava contra sua filha e neto. O segundo autor, amigo da fam\u00edlia, tamb\u00e9m justificou sua participa\u00e7\u00e3o no crime, mencionando que a v\u00edtima havia amea\u00e7ado sua m\u00e3e, deixando-a amedrontada e com medo de sair de casa.<\/p>\n\n\n\n<p>A pris\u00e3o dos autores contou com o apoio dos militares da sede do 58\u00ba BPM. Ambos est\u00e3o agora \u00e0 disposi\u00e7\u00e3o da justi\u00e7a, enquanto a comunidade de Ant\u00f4nio Dias tenta lidar com as consequ\u00eancias deste tr\u00e1gico acontecimento.<\/p>\n","protected":false},"excerpt":{"rendered":"<p>A pol\u00edcia militar prendeu dois homens envolvidos no homic\u00eddio de Leonardo Anast\u00e1cio, 32 anos, ocorrido na Rua Manoel de Castro Moraes, Novo Centro, Ant\u00f4nio Dias. A v\u00edtima foi encontrada inconsciente com um ferimento na cabe\u00e7a por sua esposa, que havia sa\u00eddo para comprar p\u00e3o, e o Samu constatou o \u00f3bito no local. A esposa da [&hellip;]<\/p>\n","protected":false},"author":2,"featured_media":789,"comment_status":"open","ping_status":"open","sticky":false,"template":"","format":"standard","meta":{"footnotes":""},"categories":[5],"tags":[],"class_list":["post-788","post","type-post","status-publish","format-standard","has-post-thumbnail","hentry","category-noticias"],"wpmagazine_modules_lite_featured_media_urls":{"thumbnail":["https:\/\/radioclubedeinhapim.com.br\/wp-content\/uploads\/2024\/07\/Copia-de-Inserir-um-subtitulo-85-150x150.jpg",150,150,true],"cvmm-medium":["https:\/\/radioclubedeinhapim.com.br\/wp-content\/uploads\/2024\/07\/Copia-de-Inserir-um-subtitulo-85-300x300.jpg",300,300,true],"cvmm-medium-plus":["https:\/\/radioclubedeinhapim.com.br\/wp-content\/uploads\/2024\/07\/Copia-de-Inserir-um-subtitulo-85-305x207.jpg",305,207,true],"cvmm-portrait":["https:\/\/radioclubedeinhapim.com.br\/wp-content\/uploads\/2024\/07\/Copia-de-Inserir-um-subtitulo-85-400x600.jpg",400,600,true],"cvmm-medium-square":["https:\/\/radioclubedeinhapim.com.br\/wp-content\/uploads\/2024\/07\/Copia-de-Inserir-um-subtitulo-85-600x600.jpg",600,600,true],"cvmm-large":["https:\/\/radioclubedeinhapim.com.br\/wp-content\/uploads\/2024\/07\/Copia-de-Inserir-um-subtitulo-85-1024x1024.jpg",1024,1024,true],"cvmm-small":["https:\/\/radioclubedeinhapim.com.br\/wp-content\/uploads\/2024\/07\/Copia-de-Inserir-um-subtitulo-85-130x95.jpg",130,95,true],"full":["https:\/\/radioclubedeinhapim.com.br\/wp-content\/uploads\/2024\/07\/Copia-de-Inserir-um-subtitulo-85.jpg",1080,1080,false]},"categories_names":{"5":{"name":"Not\u00edcias","link":"https:\/\/radioclubedeinhapim.com.br\/index.php\/category\/noticias\/"}},"tags_names":[],"comments_number":"0","_links":{"self":[{"href":"https:\/\/radioclubedeinhapim.com.br\/index.php\/wp-json\/wp\/v2\/posts\/788","targetHints":{"allow":["GET"]}}],"collection":[{"href":"https:\/\/radioclubedeinhapim.com.br\/index.php\/wp-json\/wp\/v2\/posts"}],"about":[{"href":"https:\/\/radioclubedeinhapim.com.br\/index.php\/wp-json\/wp\/v2\/types\/post"}],"author":[{"embeddable":true,"href":"https:\/\/radioclubedeinhapim.com.br\/index.php\/wp-json\/wp\/v2\/users\/2"}],"replies":[{"embeddable":true,"href":"https:\/\/radioclubedeinhapim.com.br\/index.php\/wp-json\/wp\/v2\/comments?post=788"}],"version-history":[{"count":1,"href":"https:\/\/radioclubedeinhapim.com.br\/index.php\/wp-json\/wp\/v2\/posts\/788\/revisions"}],"predecessor-version":[{"id":790,"href":"https:\/\/radioclubedeinhapim.com.br\/index.php\/wp-json\/wp\/v2\/posts\/788\/revisions\/790"}],"wp:featuredmedia":[{"embeddable":true,"href":"https:\/\/radioclubedeinhapim.com.br\/index.php\/wp-json\/wp\/v2\/media\/789"}],"wp:attachment":[{"href":"https:\/\/radioclubedeinhapim.com.br\/index.php\/wp-json\/wp\/v2\/media?parent=788"}],"wp:term":[{"taxonomy":"category","embeddable":true,"href":"https:\/\/radioclubedeinhapim.com.br\/index.php\/wp-json\/wp\/v2\/categories?post=788"},{"taxonomy":"post_tag","embeddable":true,"href":"https:\/\/radioclubedeinhapim.com.br\/index.php\/wp-json\/wp\/v2\/tags?post=788"}],"curies":[{"name":"wp","href":"https:\/\/api.w.org\/{rel}","templated":true}]}}