{"id":7924,"date":"2025-11-19T09:31:45","date_gmt":"2025-11-19T12:31:45","guid":{"rendered":"https:\/\/radioclubedeinhapim.com.br\/?p=7924"},"modified":"2025-11-19T09:31:45","modified_gmt":"2025-11-19T12:31:45","slug":"anulacao-de-3-questoes-do-enem-ocorre-por-precaucao-diz-ministro","status":"publish","type":"post","link":"https:\/\/radioclubedeinhapim.com.br\/index.php\/2025\/11\/19\/anulacao-de-3-questoes-do-enem-ocorre-por-precaucao-diz-ministro\/","title":{"rendered":"Anula\u00e7\u00e3o de 3 quest\u00f5es do Enem ocorre por \u201cprecau\u00e7\u00e3o\u201d, diz ministro"},"content":{"rendered":"\n<p>O ministro da Educa\u00e7\u00e3o, Camilo Santana, disse, em entrevista \u00e0 TV Educativa do Cear\u00e1, nesta ter\u00e7a (18), que a anula\u00e7\u00e3o de tr\u00eas quest\u00f5es do Exame Nacional do Ensino M\u00e9dio (Enem) ocorreu por precau\u00e7\u00e3o e para manter a lisura no concurso. O poss\u00edvel vazamento das perguntas vai ser investigado pela Pol\u00edcia Federal.<\/p>\n\n\n\n<p>Segundo o ministro, o Enem disp\u00f5e de um banco de perguntas e os itens s\u00e3o utilizados em um pr\u00e9-teste com diferentes grupos de estudantes. \u201cSegundo as informa\u00e7\u00f5es que eu tenho, uma pessoa que participou desse pr\u00e9-teste, divulgou e fez essa fala em uma live&#8221;.<\/p>\n\n\n\n<p>O Instituto Nacional de Estudos e Pesquisas Educacionais An\u00edsio Teixeira (Inep), mais cedo, informou que teve relatos de uma poss\u00edvel antecipa\u00e7\u00e3o de quest\u00f5es similares \u00e0s do Enem.<\/p>\n\n\n\n<p>Camilo Santana expressou, ainda na entrevista \u00e0 TVE do Cear\u00e1, que o Enem foi um sucesso e que candidatos e familiares devem ficar tranquilos com o exame.<\/p>\n\n\n\n<p>\u201cO que ocorreu foi que houve ru\u00eddos em rede social. E eu determinei ao Inep, de imediato, quando tomei o conhecimento, que apurasse e tomasse as medidas cab\u00edveis\u201d, disse o ministro.<\/p>\n\n\n\n<p>Santana ressaltou que a anula\u00e7\u00e3o leva em conta garantir que nenhum candidato fosse prejudicado. \u201cO Inep anulou, mas continuam valendo todos os outros 87 itens e tamb\u00e9m a reda\u00e7\u00e3o\u201d.<\/p>\n\n\n\n<p>As investiga\u00e7\u00f5es de poss\u00edveis fraudes no Enem s\u00e3o de compet\u00eancia da Pol\u00edcia Federal, porque as provas s\u00e3o servi\u00e7o federal, de interesse p\u00fablico. O Enem \u00e9 coordenado pelo Inep, autarquia federal vinculada ao Minist\u00e9rio da Educa\u00e7\u00e3o (MEC).<\/p>\n\n\n\n<p>Ag\u00eancia Brasil<\/p>\n","protected":false},"excerpt":{"rendered":"<p>O ministro da Educa\u00e7\u00e3o, Camilo Santana, disse, em entrevista \u00e0 TV Educativa do Cear\u00e1, nesta ter\u00e7a (18), que a anula\u00e7\u00e3o de tr\u00eas quest\u00f5es do Exame Nacional do Ensino M\u00e9dio (Enem) ocorreu por precau\u00e7\u00e3o e para manter a lisura no concurso. O poss\u00edvel vazamento das perguntas vai ser investigado pela Pol\u00edcia Federal. Segundo o ministro, o [&hellip;]<\/p>\n","protected":false},"author":2,"featured_media":7925,"comment_status":"open","ping_status":"open","sticky":false,"template":"","format":"standard","meta":{"footnotes":""},"categories":[5],"tags":[],"class_list":["post-7924","post","type-post","status-publish","format-standard","has-post-thumbnail","hentry","category-noticias"],"wpmagazine_modules_lite_featured_media_urls":{"thumbnail":["https:\/\/radioclubedeinhapim.com.br\/wp-content\/uploads\/2025\/11\/nn-150x150.jpg",150,150,true],"cvmm-medium":["https:\/\/radioclubedeinhapim.com.br\/wp-content\/uploads\/2025\/11\/nn-300x300.jpg",300,300,true],"cvmm-medium-plus":["https:\/\/radioclubedeinhapim.com.br\/wp-content\/uploads\/2025\/11\/nn-305x207.jpg",305,207,true],"cvmm-portrait":["https:\/\/radioclubedeinhapim.com.br\/wp-content\/uploads\/2025\/11\/nn-400x600.jpg",400,600,true],"cvmm-medium-square":["https:\/\/radioclubedeinhapim.com.br\/wp-content\/uploads\/2025\/11\/nn-600x600.jpg",600,600,true],"cvmm-large":["https:\/\/radioclubedeinhapim.com.br\/wp-content\/uploads\/2025\/11\/nn-1024x1024.jpg",1024,1024,true],"cvmm-small":["https:\/\/radioclubedeinhapim.com.br\/wp-content\/uploads\/2025\/11\/nn-130x95.jpg",130,95,true],"full":["https:\/\/radioclubedeinhapim.com.br\/wp-content\/uploads\/2025\/11\/nn.jpg",1080,1080,false]},"categories_names":{"5":{"name":"Not\u00edcias","link":"https:\/\/radioclubedeinhapim.com.br\/index.php\/category\/noticias\/"}},"tags_names":[],"comments_number":"0","_links":{"self":[{"href":"https:\/\/radioclubedeinhapim.com.br\/index.php\/wp-json\/wp\/v2\/posts\/7924","targetHints":{"allow":["GET"]}}],"collection":[{"href":"https:\/\/radioclubedeinhapim.com.br\/index.php\/wp-json\/wp\/v2\/posts"}],"about":[{"href":"https:\/\/radioclubedeinhapim.com.br\/index.php\/wp-json\/wp\/v2\/types\/post"}],"author":[{"embeddable":true,"href":"https:\/\/radioclubedeinhapim.com.br\/index.php\/wp-json\/wp\/v2\/users\/2"}],"replies":[{"embeddable":true,"href":"https:\/\/radioclubedeinhapim.com.br\/index.php\/wp-json\/wp\/v2\/comments?post=7924"}],"version-history":[{"count":1,"href":"https:\/\/radioclubedeinhapim.com.br\/index.php\/wp-json\/wp\/v2\/posts\/7924\/revisions"}],"predecessor-version":[{"id":7926,"href":"https:\/\/radioclubedeinhapim.com.br\/index.php\/wp-json\/wp\/v2\/posts\/7924\/revisions\/7926"}],"wp:featuredmedia":[{"embeddable":true,"href":"https:\/\/radioclubedeinhapim.com.br\/index.php\/wp-json\/wp\/v2\/media\/7925"}],"wp:attachment":[{"href":"https:\/\/radioclubedeinhapim.com.br\/index.php\/wp-json\/wp\/v2\/media?parent=7924"}],"wp:term":[{"taxonomy":"category","embeddable":true,"href":"https:\/\/radioclubedeinhapim.com.br\/index.php\/wp-json\/wp\/v2\/categories?post=7924"},{"taxonomy":"post_tag","embeddable":true,"href":"https:\/\/radioclubedeinhapim.com.br\/index.php\/wp-json\/wp\/v2\/tags?post=7924"}],"curies":[{"name":"wp","href":"https:\/\/api.w.org\/{rel}","templated":true}]}}