{"id":7940,"date":"2025-11-20T07:28:29","date_gmt":"2025-11-20T10:28:29","guid":{"rendered":"https:\/\/radioclubedeinhapim.com.br\/?p=7940"},"modified":"2025-11-20T07:28:29","modified_gmt":"2025-11-20T10:28:29","slug":"dia-da-consciencia-negra-reforca-luta-por-igualdade-e-preservacao-da-historia-no-brasil","status":"publish","type":"post","link":"https:\/\/radioclubedeinhapim.com.br\/index.php\/2025\/11\/20\/dia-da-consciencia-negra-reforca-luta-por-igualdade-e-preservacao-da-historia-no-brasil\/","title":{"rendered":"Dia da Consci\u00eancia Negra refor\u00e7a luta por igualdade e preserva\u00e7\u00e3o da hist\u00f3ria no Brasil"},"content":{"rendered":"\n<p>O <a><\/a>Brasil celebra neste 20 de novembro o Dia da Consci\u00eancia Negra, uma data de reflex\u00e3o, reconhecimento e combate ao racismo estrutural ainda presente na sociedade. A data marca o anivers\u00e1rio da morte de Zumbi dos Palmares, l\u00edder do Quilombo dos Palmares e s\u00edmbolo nacional da resist\u00eancia negra \u00e0 escravid\u00e3o. Mais do que homenagem hist\u00f3rica, o dia representa um chamado \u00e0 responsabilidade coletiva para enfrentar desigualdades que persistem h\u00e1 s\u00e9culos.<\/p>\n\n\n\n<p>A Consci\u00eancia Negra n\u00e3o se limita a lembran\u00e7as do passado, mas evidencia realidades atuais. O Brasil, pa\u00eds com a maior popula\u00e7\u00e3o negra fora do continente africano, ainda convive com \u00edndices alarmantes de desigualdade social: pretos e pardos s\u00e3o maioria entre desempregados, v\u00edtimas da viol\u00eancia e pessoas com menor acesso \u00e0 educa\u00e7\u00e3o de qualidade. Al\u00e9m disso, o mercado de trabalho segue revelando disparidades salariais e de oportunidades.<\/p>\n\n\n\n<p>Em todo o pa\u00eds, escolas, institui\u00e7\u00f5es culturais, movimentos sociais e organiza\u00e7\u00f5es p\u00fablicas promovem debates, palestras e atividades que buscam valorizar a identidade negra, reconhecer contribui\u00e7\u00f5es hist\u00f3ricas e fortalecer a luta por respeito, dignidade e inclus\u00e3o. A data tamb\u00e9m lembra a import\u00e2ncia de combater pr\u00e1ticas de preconceito, intoler\u00e2ncia e discrimina\u00e7\u00e3o, muitas vezes naturalizadas no cotidiano.<\/p>\n\n\n\n<p>Valorizar a consci\u00eancia negra \u00e9 reconhecer que o pa\u00eds se constr\u00f3i pela for\u00e7a e cultura de um povo que transformou a m\u00fasica, a arte, a culin\u00e1ria, a religi\u00e3o, a educa\u00e7\u00e3o e o trabalho. \u00c9 assumir o compromisso de construir uma sociedade em que a cor da pele jamais determine o destino de algu\u00e9m.<\/p>\n\n\n\n<p>Neste 20 de novembro, o convite \u00e9 para que cada cidad\u00e3o reflita sobre seu papel na constru\u00e7\u00e3o de um futuro mais justo, humano e igualit\u00e1rio, onde respeito e empatia sejam pr\u00e1ticas permanentes, e n\u00e3o discursos ocasionais.<\/p>\n\n\n\n<p>Consci\u00eancia Negra n\u00e3o \u00e9 um feriado: \u00e9 um lembrete de que a luta continua, e de que igualdade se constr\u00f3i com atitude, coragem e compromisso.<\/p>\n\n\n\n<p><a href=\"https:\/\/www.facebook.com\/hashtag\/consci%C3%AAncianegra?__eep__=6&amp;__cft__[0]=AZUEg03lIe9auttnCwjSukgh7dqONJudgkN_xQHveJOFd5IAkzWCBJmvyVtGuoFygo2kfbbFI3xshlcYPNgNxKY2fCl-j3Nm8kfqzCZJqFu_VL9LWYqLkNX-Z2lRK1Yiub3CaTuOPBABAEFxXnon0IGu_R2I1rXA9GECeAE9jN_MasTNbh-WhSW79kN6w2WnxqqDy8asOZWrdMNvrZJcWkJU&amp;__tn__=*NK-R\">#consci\u00eancianegra<\/a><a href=\"https:\/\/www.facebook.com\/hashtag\/feriado?__eep__=6&amp;__cft__[0]=AZUEg03lIe9auttnCwjSukgh7dqONJudgkN_xQHveJOFd5IAkzWCBJmvyVtGuoFygo2kfbbFI3xshlcYPNgNxKY2fCl-j3Nm8kfqzCZJqFu_VL9LWYqLkNX-Z2lRK1Yiub3CaTuOPBABAEFxXnon0IGu_R2I1rXA9GECeAE9jN_MasTNbh-WhSW79kN6w2WnxqqDy8asOZWrdMNvrZJcWkJU&amp;__tn__=*NK-R\">#feriado<\/a><a href=\"https:\/\/www.facebook.com\/hashtag\/20denovembro?__eep__=6&amp;__cft__[0]=AZUEg03lIe9auttnCwjSukgh7dqONJudgkN_xQHveJOFd5IAkzWCBJmvyVtGuoFygo2kfbbFI3xshlcYPNgNxKY2fCl-j3Nm8kfqzCZJqFu_VL9LWYqLkNX-Z2lRK1Yiub3CaTuOPBABAEFxXnon0IGu_R2I1rXA9GECeAE9jN_MasTNbh-WhSW79kN6w2WnxqqDy8asOZWrdMNvrZJcWkJU&amp;__tn__=*NK-R\">#20denovembro<\/a><a href=\"https:\/\/www.facebook.com\/hashtag\/inhapim?__eep__=6&amp;__cft__[0]=AZUEg03lIe9auttnCwjSukgh7dqONJudgkN_xQHveJOFd5IAkzWCBJmvyVtGuoFygo2kfbbFI3xshlcYPNgNxKY2fCl-j3Nm8kfqzCZJqFu_VL9LWYqLkNX-Z2lRK1Yiub3CaTuOPBABAEFxXnon0IGu_R2I1rXA9GECeAE9jN_MasTNbh-WhSW79kN6w2WnxqqDy8asOZWrdMNvrZJcWkJU&amp;__tn__=*NK-R\">#Inhapim<\/a><\/p>\n","protected":false},"excerpt":{"rendered":"<p>O Brasil celebra neste 20 de novembro o Dia da Consci\u00eancia Negra, uma data de reflex\u00e3o, reconhecimento e combate ao racismo estrutural ainda presente na sociedade. A data marca o anivers\u00e1rio da morte de Zumbi dos Palmares, l\u00edder do Quilombo dos Palmares e s\u00edmbolo nacional da resist\u00eancia negra \u00e0 escravid\u00e3o. Mais do que homenagem hist\u00f3rica, [&hellip;]<\/p>\n","protected":false},"author":2,"featured_media":7941,"comment_status":"open","ping_status":"open","sticky":false,"template":"","format":"standard","meta":{"footnotes":""},"categories":[1],"tags":[],"class_list":["post-7940","post","type-post","status-publish","format-standard","has-post-thumbnail","hentry","category-uncategorized"],"wpmagazine_modules_lite_featured_media_urls":{"thumbnail":["https:\/\/radioclubedeinhapim.com.br\/wp-content\/uploads\/2025\/11\/587105570_1696517781347255_319087536589606812_n-150x150.jpg",150,150,true],"cvmm-medium":["https:\/\/radioclubedeinhapim.com.br\/wp-content\/uploads\/2025\/11\/587105570_1696517781347255_319087536589606812_n-300x300.jpg",300,300,true],"cvmm-medium-plus":["https:\/\/radioclubedeinhapim.com.br\/wp-content\/uploads\/2025\/11\/587105570_1696517781347255_319087536589606812_n-305x207.jpg",305,207,true],"cvmm-portrait":["https:\/\/radioclubedeinhapim.com.br\/wp-content\/uploads\/2025\/11\/587105570_1696517781347255_319087536589606812_n-400x600.jpg",400,600,true],"cvmm-medium-square":["https:\/\/radioclubedeinhapim.com.br\/wp-content\/uploads\/2025\/11\/587105570_1696517781347255_319087536589606812_n-600x600.jpg",600,600,true],"cvmm-large":["https:\/\/radioclubedeinhapim.com.br\/wp-content\/uploads\/2025\/11\/587105570_1696517781347255_319087536589606812_n-1024x1024.jpg",1024,1024,true],"cvmm-small":["https:\/\/radioclubedeinhapim.com.br\/wp-content\/uploads\/2025\/11\/587105570_1696517781347255_319087536589606812_n-130x95.jpg",130,95,true],"full":["https:\/\/radioclubedeinhapim.com.br\/wp-content\/uploads\/2025\/11\/587105570_1696517781347255_319087536589606812_n.jpg",1440,1440,false]},"categories_names":{"1":{"name":"Uncategorized","link":"https:\/\/radioclubedeinhapim.com.br\/index.php\/category\/uncategorized\/"}},"tags_names":[],"comments_number":"0","_links":{"self":[{"href":"https:\/\/radioclubedeinhapim.com.br\/index.php\/wp-json\/wp\/v2\/posts\/7940","targetHints":{"allow":["GET"]}}],"collection":[{"href":"https:\/\/radioclubedeinhapim.com.br\/index.php\/wp-json\/wp\/v2\/posts"}],"about":[{"href":"https:\/\/radioclubedeinhapim.com.br\/index.php\/wp-json\/wp\/v2\/types\/post"}],"author":[{"embeddable":true,"href":"https:\/\/radioclubedeinhapim.com.br\/index.php\/wp-json\/wp\/v2\/users\/2"}],"replies":[{"embeddable":true,"href":"https:\/\/radioclubedeinhapim.com.br\/index.php\/wp-json\/wp\/v2\/comments?post=7940"}],"version-history":[{"count":1,"href":"https:\/\/radioclubedeinhapim.com.br\/index.php\/wp-json\/wp\/v2\/posts\/7940\/revisions"}],"predecessor-version":[{"id":7942,"href":"https:\/\/radioclubedeinhapim.com.br\/index.php\/wp-json\/wp\/v2\/posts\/7940\/revisions\/7942"}],"wp:featuredmedia":[{"embeddable":true,"href":"https:\/\/radioclubedeinhapim.com.br\/index.php\/wp-json\/wp\/v2\/media\/7941"}],"wp:attachment":[{"href":"https:\/\/radioclubedeinhapim.com.br\/index.php\/wp-json\/wp\/v2\/media?parent=7940"}],"wp:term":[{"taxonomy":"category","embeddable":true,"href":"https:\/\/radioclubedeinhapim.com.br\/index.php\/wp-json\/wp\/v2\/categories?post=7940"},{"taxonomy":"post_tag","embeddable":true,"href":"https:\/\/radioclubedeinhapim.com.br\/index.php\/wp-json\/wp\/v2\/tags?post=7940"}],"curies":[{"name":"wp","href":"https:\/\/api.w.org\/{rel}","templated":true}]}}