{"id":7951,"date":"2025-11-22T09:21:19","date_gmt":"2025-11-22T12:21:19","guid":{"rendered":"https:\/\/radioclubedeinhapim.com.br\/?p=7951"},"modified":"2025-11-22T09:21:19","modified_gmt":"2025-11-22T12:21:19","slug":"bolsonaro-e-preso-preventivamente-a-pedido-da-pf","status":"publish","type":"post","link":"https:\/\/radioclubedeinhapim.com.br\/index.php\/2025\/11\/22\/bolsonaro-e-preso-preventivamente-a-pedido-da-pf\/","title":{"rendered":"Bolsonaro \u00e9 preso preventivamente a pedido da PF"},"content":{"rendered":"\n<p>O ex-presidente Jair Bolsonaro (PL) foi preso na manh\u00e3 deste s\u00e1bado (22). A pris\u00e3o \u00e9 preventiva e foi solicitada pela Pol\u00edcia Federal (PF) ao Supremo Tribunal Federal (STF). A medida n\u00e3o tem rela\u00e7\u00e3o com a condena\u00e7\u00e3o por tentativa de golpe de Estado, mas se trata de uma medida cautelar.<\/p>\n\n\n\n<p>Conforme apurado a pris\u00e3o foi determinada por garantia da ordem p\u00fablica, ap\u00f3s o senador Fl\u00e1vio Bolsonaro (PL-RJ) convocar uma vig\u00edlia em frente ao condom\u00ednio do ex-presidente, na noite de sexta-feira (21). Segundo fontes, a PF avaliou que o ato representava risco para participantes e agentes policiais.<\/p>\n\n\n\n<p>A pris\u00e3o preventiva \u00e9 uma medida que n\u00e3o tem prazo fixo estabelecido e deve ser reavaliada periodicamente pela Justi\u00e7a.<\/p>\n\n\n\n<p>Bolsonaro foi detido por volta das 6h e reagiu com tranquilidade \u00e0 pris\u00e3o. A ex-primeira-dama Michelle Bolsonaro n\u00e3o estava em casa no momento da deten\u00e7\u00e3o.<\/p>\n\n\n\n<p>O comboio que transportava o ex-presidente chegou \u00e0 sede da Pol\u00edcia Federal \u00e0s 6h35. Ap\u00f3s os tr\u00e2mites iniciais, Bolsonaro foi levado para a Superintend\u00eancia da PF, onde ficar\u00e1 em uma &#8220;Sala de Estado&#8221; \u2014 espa\u00e7o reservado para autoridades como presidentes da Rep\u00fablica.<\/p>\n\n\n\n<p>At\u00e9 a \u00faltima atualiza\u00e7\u00e3o desta reportagem, ele passava por exame de corpo de delito. Agentes do Instituto M\u00e9dico-Legal (IML) foram at\u00e9 o local para realizar o procedimento e evitar exposi\u00e7\u00e3o desnecess\u00e1ria.Em nota, a Pol\u00edcia Federal informou que cumpriu um mandado de pris\u00e3o preventiva expedido por decis\u00e3o do STF. A defesa de Bolsonaro afirmou que, at\u00e9 as 6h40, ainda tinha sido informada da pris\u00e3o do ex-presidente.<\/p>\n\n\n\n<p>Bolsonaro estava em pris\u00e3o domiciliar desde 4 de agosto.\u00c0 \u00e9poca, o ministro Alexandre de Moraes decretou a medida por descumprimento de medidas cautelares impostas ao ex-presidente.<\/p>\n\n\n\n<p><\/p>\n","protected":false},"excerpt":{"rendered":"<p>O ex-presidente Jair Bolsonaro (PL) foi preso na manh\u00e3 deste s\u00e1bado (22). A pris\u00e3o \u00e9 preventiva e foi solicitada pela Pol\u00edcia Federal (PF) ao Supremo Tribunal Federal (STF). A medida n\u00e3o tem rela\u00e7\u00e3o com a condena\u00e7\u00e3o por tentativa de golpe de Estado, mas se trata de uma medida cautelar. Conforme apurado a pris\u00e3o foi determinada [&hellip;]<\/p>\n","protected":false},"author":2,"featured_media":7952,"comment_status":"open","ping_status":"open","sticky":false,"template":"","format":"standard","meta":{"footnotes":""},"categories":[5],"tags":[],"class_list":["post-7951","post","type-post","status-publish","format-standard","has-post-thumbnail","hentry","category-noticias"],"wpmagazine_modules_lite_featured_media_urls":{"thumbnail":["https:\/\/radioclubedeinhapim.com.br\/wp-content\/uploads\/2025\/11\/588640052_1698401424492224_4687600763291841225_n-150x150.jpg",150,150,true],"cvmm-medium":["https:\/\/radioclubedeinhapim.com.br\/wp-content\/uploads\/2025\/11\/588640052_1698401424492224_4687600763291841225_n-300x300.jpg",300,300,true],"cvmm-medium-plus":["https:\/\/radioclubedeinhapim.com.br\/wp-content\/uploads\/2025\/11\/588640052_1698401424492224_4687600763291841225_n-305x207.jpg",305,207,true],"cvmm-portrait":["https:\/\/radioclubedeinhapim.com.br\/wp-content\/uploads\/2025\/11\/588640052_1698401424492224_4687600763291841225_n-400x600.jpg",400,600,true],"cvmm-medium-square":["https:\/\/radioclubedeinhapim.com.br\/wp-content\/uploads\/2025\/11\/588640052_1698401424492224_4687600763291841225_n-600x600.jpg",600,600,true],"cvmm-large":["https:\/\/radioclubedeinhapim.com.br\/wp-content\/uploads\/2025\/11\/588640052_1698401424492224_4687600763291841225_n-1024x1024.jpg",1024,1024,true],"cvmm-small":["https:\/\/radioclubedeinhapim.com.br\/wp-content\/uploads\/2025\/11\/588640052_1698401424492224_4687600763291841225_n-130x95.jpg",130,95,true],"full":["https:\/\/radioclubedeinhapim.com.br\/wp-content\/uploads\/2025\/11\/588640052_1698401424492224_4687600763291841225_n.jpg",1080,1080,false]},"categories_names":{"5":{"name":"Not\u00edcias","link":"https:\/\/radioclubedeinhapim.com.br\/index.php\/category\/noticias\/"}},"tags_names":[],"comments_number":"0","_links":{"self":[{"href":"https:\/\/radioclubedeinhapim.com.br\/index.php\/wp-json\/wp\/v2\/posts\/7951","targetHints":{"allow":["GET"]}}],"collection":[{"href":"https:\/\/radioclubedeinhapim.com.br\/index.php\/wp-json\/wp\/v2\/posts"}],"about":[{"href":"https:\/\/radioclubedeinhapim.com.br\/index.php\/wp-json\/wp\/v2\/types\/post"}],"author":[{"embeddable":true,"href":"https:\/\/radioclubedeinhapim.com.br\/index.php\/wp-json\/wp\/v2\/users\/2"}],"replies":[{"embeddable":true,"href":"https:\/\/radioclubedeinhapim.com.br\/index.php\/wp-json\/wp\/v2\/comments?post=7951"}],"version-history":[{"count":1,"href":"https:\/\/radioclubedeinhapim.com.br\/index.php\/wp-json\/wp\/v2\/posts\/7951\/revisions"}],"predecessor-version":[{"id":7953,"href":"https:\/\/radioclubedeinhapim.com.br\/index.php\/wp-json\/wp\/v2\/posts\/7951\/revisions\/7953"}],"wp:featuredmedia":[{"embeddable":true,"href":"https:\/\/radioclubedeinhapim.com.br\/index.php\/wp-json\/wp\/v2\/media\/7952"}],"wp:attachment":[{"href":"https:\/\/radioclubedeinhapim.com.br\/index.php\/wp-json\/wp\/v2\/media?parent=7951"}],"wp:term":[{"taxonomy":"category","embeddable":true,"href":"https:\/\/radioclubedeinhapim.com.br\/index.php\/wp-json\/wp\/v2\/categories?post=7951"},{"taxonomy":"post_tag","embeddable":true,"href":"https:\/\/radioclubedeinhapim.com.br\/index.php\/wp-json\/wp\/v2\/tags?post=7951"}],"curies":[{"name":"wp","href":"https:\/\/api.w.org\/{rel}","templated":true}]}}