{"id":7955,"date":"2025-11-24T09:48:08","date_gmt":"2025-11-24T12:48:08","guid":{"rendered":"https:\/\/radioclubedeinhapim.com.br\/?p=7955"},"modified":"2025-11-24T09:50:38","modified_gmt":"2025-11-24T12:50:38","slug":"mulher-identificada-como-ivina-morre-em-acidente-na-br-116","status":"publish","type":"post","link":"https:\/\/radioclubedeinhapim.com.br\/index.php\/2025\/11\/24\/mulher-identificada-como-ivina-morre-em-acidente-na-br-116\/","title":{"rendered":"MULHER IDENTIFICADA COMO IVINA MORRE EM ACIDENTE NA BR-116"},"content":{"rendered":"\n<p>Um grave acidente foi registrado na noite deste domingo (23) no km 496 da BR-116, sentido Inhapim, nas proximidades do Cachoeir\u00e3o. O ve\u00edculo envolvido, um Volkswagen Santana, transportava duas pessoas.<\/p>\n\n\n\n<p>De acordo com informa\u00e7\u00f5es apuradas por nossa equipe, o carro capotou e parou com as rodas viradas para cima. Populares relataram que o motorista conseguiu sair sozinho do autom\u00f3vel. Ele foi socorrido pelo Servi\u00e7o de Atendimento M\u00f3vel de Urg\u00eancia (SAMU) e encaminhado para atendimento m\u00e9dico.<\/p>\n\n\n\n<p>Infelizmente, a passageira identificada como <strong>Ivina<\/strong> n\u00e3o resistiu aos ferimentos e <strong>morreu no local<\/strong>.<\/p>\n\n\n\n<p>A Pol\u00edcia Rodovi\u00e1ria Federal (PRF) isolou a \u00e1rea at\u00e9 a chegada da per\u00edcia t\u00e9cnica, que realizou os procedimentos necess\u00e1rios para a libera\u00e7\u00e3o do corpo. Ap\u00f3s os trabalhos periciais, o corpo de Ivina foi removido e encaminhado ao IML.<\/p>\n\n\n\n<p>O policial rodovi\u00e1rio federal <strong>Vieira<\/strong> conversou com nossa equipe e repassou as informa\u00e7\u00f5es preliminares levantadas at\u00e9 o momento. <strong>As causas do acidente ser\u00e3o investigadas<\/strong>.<\/p>\n\n\n\n<p>Atenderam \u00e0 ocorr\u00eancia equipes da <strong>Ecovias Riominas<\/strong>, <strong>PRF<\/strong> e <strong>SAMU<\/strong>.<\/p>\n\n\n\n<p>Nossa equipe acompanhou toda a ocorr\u00eancia e segue apurando novas informa\u00e7\u00f5es sobre o estado de sa\u00fade do motorista e os desdobramentos da investiga\u00e7\u00e3o, que dever\u00e1 esclarecer as causas do acidente.<\/p>\n\n\n\n<p><strong>A R\u00e1dio Clube de Inhapim manifesta condol\u00eancias \u00e0 fam\u00edlia e aos amigos de Ivina<\/strong>, lamentando profundamente a perda registrada na noite deste domingo. \ud83d\udd4a\ufe0f<br><br><a href=\"https:\/\/www.instagram.com\/p\/DRbDDzqkWNw\/\" data-type=\"link\" data-id=\"https:\/\/www.instagram.com\/p\/DRbDDzqkWNw\/\">ASSISTA A REPORTAGEM COMPLETA <\/a><\/p>\n","protected":false},"excerpt":{"rendered":"<p>Um grave acidente foi registrado na noite deste domingo (23) no km 496 da BR-116, sentido Inhapim, nas proximidades do Cachoeir\u00e3o. O ve\u00edculo envolvido, um Volkswagen Santana, transportava duas pessoas. De acordo com informa\u00e7\u00f5es apuradas por nossa equipe, o carro capotou e parou com as rodas viradas para cima. Populares relataram que o motorista conseguiu [&hellip;]<\/p>\n","protected":false},"author":2,"featured_media":7956,"comment_status":"open","ping_status":"open","sticky":false,"template":"","format":"standard","meta":{"footnotes":""},"categories":[5],"tags":[],"class_list":["post-7955","post","type-post","status-publish","format-standard","has-post-thumbnail","hentry","category-noticias"],"wpmagazine_modules_lite_featured_media_urls":{"thumbnail":["https:\/\/radioclubedeinhapim.com.br\/wp-content\/uploads\/2025\/11\/Copia-de-Inserir-um-subtitulo-1-1-150x150.jpg",150,150,true],"cvmm-medium":["https:\/\/radioclubedeinhapim.com.br\/wp-content\/uploads\/2025\/11\/Copia-de-Inserir-um-subtitulo-1-1-300x300.jpg",300,300,true],"cvmm-medium-plus":["https:\/\/radioclubedeinhapim.com.br\/wp-content\/uploads\/2025\/11\/Copia-de-Inserir-um-subtitulo-1-1-305x207.jpg",305,207,true],"cvmm-portrait":["https:\/\/radioclubedeinhapim.com.br\/wp-content\/uploads\/2025\/11\/Copia-de-Inserir-um-subtitulo-1-1-400x600.jpg",400,600,true],"cvmm-medium-square":["https:\/\/radioclubedeinhapim.com.br\/wp-content\/uploads\/2025\/11\/Copia-de-Inserir-um-subtitulo-1-1-600x600.jpg",600,600,true],"cvmm-large":["https:\/\/radioclubedeinhapim.com.br\/wp-content\/uploads\/2025\/11\/Copia-de-Inserir-um-subtitulo-1-1-1024x1024.jpg",1024,1024,true],"cvmm-small":["https:\/\/radioclubedeinhapim.com.br\/wp-content\/uploads\/2025\/11\/Copia-de-Inserir-um-subtitulo-1-1-130x95.jpg",130,95,true],"full":["https:\/\/radioclubedeinhapim.com.br\/wp-content\/uploads\/2025\/11\/Copia-de-Inserir-um-subtitulo-1-1.jpg",1080,1080,false]},"categories_names":{"5":{"name":"Not\u00edcias","link":"https:\/\/radioclubedeinhapim.com.br\/index.php\/category\/noticias\/"}},"tags_names":[],"comments_number":"0","_links":{"self":[{"href":"https:\/\/radioclubedeinhapim.com.br\/index.php\/wp-json\/wp\/v2\/posts\/7955","targetHints":{"allow":["GET"]}}],"collection":[{"href":"https:\/\/radioclubedeinhapim.com.br\/index.php\/wp-json\/wp\/v2\/posts"}],"about":[{"href":"https:\/\/radioclubedeinhapim.com.br\/index.php\/wp-json\/wp\/v2\/types\/post"}],"author":[{"embeddable":true,"href":"https:\/\/radioclubedeinhapim.com.br\/index.php\/wp-json\/wp\/v2\/users\/2"}],"replies":[{"embeddable":true,"href":"https:\/\/radioclubedeinhapim.com.br\/index.php\/wp-json\/wp\/v2\/comments?post=7955"}],"version-history":[{"count":2,"href":"https:\/\/radioclubedeinhapim.com.br\/index.php\/wp-json\/wp\/v2\/posts\/7955\/revisions"}],"predecessor-version":[{"id":7966,"href":"https:\/\/radioclubedeinhapim.com.br\/index.php\/wp-json\/wp\/v2\/posts\/7955\/revisions\/7966"}],"wp:featuredmedia":[{"embeddable":true,"href":"https:\/\/radioclubedeinhapim.com.br\/index.php\/wp-json\/wp\/v2\/media\/7956"}],"wp:attachment":[{"href":"https:\/\/radioclubedeinhapim.com.br\/index.php\/wp-json\/wp\/v2\/media?parent=7955"}],"wp:term":[{"taxonomy":"category","embeddable":true,"href":"https:\/\/radioclubedeinhapim.com.br\/index.php\/wp-json\/wp\/v2\/categories?post=7955"},{"taxonomy":"post_tag","embeddable":true,"href":"https:\/\/radioclubedeinhapim.com.br\/index.php\/wp-json\/wp\/v2\/tags?post=7955"}],"curies":[{"name":"wp","href":"https:\/\/api.w.org\/{rel}","templated":true}]}}