{"id":8093,"date":"2025-12-03T09:25:31","date_gmt":"2025-12-03T12:25:31","guid":{"rendered":"https:\/\/radioclubedeinhapim.com.br\/?p=8093"},"modified":"2025-12-03T09:25:31","modified_gmt":"2025-12-03T12:25:31","slug":"pf-faz-operacao-no-vale-do-aco-contra-trafico-de-migrantes-para-os-eua","status":"publish","type":"post","link":"https:\/\/radioclubedeinhapim.com.br\/index.php\/2025\/12\/03\/pf-faz-operacao-no-vale-do-aco-contra-trafico-de-migrantes-para-os-eua\/","title":{"rendered":"PF faz opera\u00e7\u00e3o no Vale do A\u00e7o contra tr\u00e1fico de migrantes para os EUA"},"content":{"rendered":"\n<p>A Pol\u00edcia Federal deflagrou na manh\u00e3 desta quarta-feira (3) a Opera\u00e7\u00e3o Monterrey, com o objetivo de desarticular um esquema criminoso que promovia a migra\u00e7\u00e3o ilegal de brasileiros para os Estados Unidos. A a\u00e7\u00e3o foi realizada em Ipatinga e Santana do Para\u00edso, regi\u00e3o do Vale do A\u00e7o, no Leste de Minas.<\/p>\n\n\n\n<p>As investiga\u00e7\u00f5es come\u00e7aram ap\u00f3s den\u00fancia sobre a atua\u00e7\u00e3o de um homem suspeito de aliciar pessoas interessadas em deixar o pa\u00eds de forma irregular.<\/p>\n\n\n\n<p>Segundo a PF, ele organizava a log\u00edstica da viagem, que inclu\u00eda a travessia por diversos pa\u00edses da Am\u00e9rica Central at\u00e9 o M\u00e9xico. A partir dali, os migrantes eram conduzidos ilegalmente pela fronteira at\u00e9 os Estados Unidos.<\/p>\n\n\n\n<p>Trajeto irregular e v\u00edtimas identificadas<br>De acordo com a PF, o grupo atuava mediante pagamento, oferecendo a estrutura necess\u00e1ria para a migra\u00e7\u00e3o ilegal. Ao menos 63 v\u00edtimas j\u00e1 foram identificadas no curso da investiga\u00e7\u00e3o.<\/p>\n\n\n\n<p>O trajeto inclu\u00eda passagens por pa\u00edses da Am\u00e9rica Central, chegando ao M\u00e9xico, de onde o grupo fazia a travessia clandestina rumo aos Estados Unidos.<\/p>\n\n\n\n<p>Mandados e bloqueio de bens<br>A Justi\u00e7a Federal de Ipatinga expediu sete mandados de busca e apreens\u00e3o, cumpridos em endere\u00e7os ligados a cinco investigados. Tamb\u00e9m foi determinado o bloqueio de R$ 8,1 milh\u00f5es em bens e valores pertencentes aos suspeitos.<\/p>\n\n\n\n<p>As medidas buscam interromper o funcionamento da organiza\u00e7\u00e3o criminosa e impedir a movimenta\u00e7\u00e3o financeira dos envolvidos.<\/p>\n\n\n\n<p>A Pol\u00edcia Federal informou que os investigados poder\u00e3o responder por:<\/p>\n\n\n\n<p>Promo\u00e7\u00e3o de migra\u00e7\u00e3o ilegal<br>Posse ou porte ilegal de arma de fogo<br>Usura (empr\u00e9stimos com juros abusivos)<br>Lavagem de dinheiro<br>Falsifica\u00e7\u00e3o de documento p\u00fablico<br>O nome da opera\u00e7\u00e3o, Monterrey, faz refer\u00eancia a uma das rotas usadas pelos migrantes em dire\u00e7\u00e3o \u00e0 fronteira dos Estados Unidos.<\/p>\n","protected":false},"excerpt":{"rendered":"<p>A Pol\u00edcia Federal deflagrou na manh\u00e3 desta quarta-feira (3) a Opera\u00e7\u00e3o Monterrey, com o objetivo de desarticular um esquema criminoso que promovia a migra\u00e7\u00e3o ilegal de brasileiros para os Estados Unidos. A a\u00e7\u00e3o foi realizada em Ipatinga e Santana do Para\u00edso, regi\u00e3o do Vale do A\u00e7o, no Leste de Minas. As investiga\u00e7\u00f5es come\u00e7aram ap\u00f3s den\u00fancia [&hellip;]<\/p>\n","protected":false},"author":2,"featured_media":8094,"comment_status":"open","ping_status":"open","sticky":false,"template":"","format":"standard","meta":{"footnotes":""},"categories":[5],"tags":[],"class_list":["post-8093","post","type-post","status-publish","format-standard","has-post-thumbnail","hentry","category-noticias"],"wpmagazine_modules_lite_featured_media_urls":{"thumbnail":["https:\/\/radioclubedeinhapim.com.br\/wp-content\/uploads\/2025\/12\/aa-150x150.jpg",150,150,true],"cvmm-medium":["https:\/\/radioclubedeinhapim.com.br\/wp-content\/uploads\/2025\/12\/aa-300x300.jpg",300,300,true],"cvmm-medium-plus":["https:\/\/radioclubedeinhapim.com.br\/wp-content\/uploads\/2025\/12\/aa-305x207.jpg",305,207,true],"cvmm-portrait":["https:\/\/radioclubedeinhapim.com.br\/wp-content\/uploads\/2025\/12\/aa-400x600.jpg",400,600,true],"cvmm-medium-square":["https:\/\/radioclubedeinhapim.com.br\/wp-content\/uploads\/2025\/12\/aa-600x600.jpg",600,600,true],"cvmm-large":["https:\/\/radioclubedeinhapim.com.br\/wp-content\/uploads\/2025\/12\/aa-1024x1024.jpg",1024,1024,true],"cvmm-small":["https:\/\/radioclubedeinhapim.com.br\/wp-content\/uploads\/2025\/12\/aa-130x95.jpg",130,95,true],"full":["https:\/\/radioclubedeinhapim.com.br\/wp-content\/uploads\/2025\/12\/aa.jpg",1080,1080,false]},"categories_names":{"5":{"name":"Not\u00edcias","link":"https:\/\/radioclubedeinhapim.com.br\/index.php\/category\/noticias\/"}},"tags_names":[],"comments_number":"0","_links":{"self":[{"href":"https:\/\/radioclubedeinhapim.com.br\/index.php\/wp-json\/wp\/v2\/posts\/8093","targetHints":{"allow":["GET"]}}],"collection":[{"href":"https:\/\/radioclubedeinhapim.com.br\/index.php\/wp-json\/wp\/v2\/posts"}],"about":[{"href":"https:\/\/radioclubedeinhapim.com.br\/index.php\/wp-json\/wp\/v2\/types\/post"}],"author":[{"embeddable":true,"href":"https:\/\/radioclubedeinhapim.com.br\/index.php\/wp-json\/wp\/v2\/users\/2"}],"replies":[{"embeddable":true,"href":"https:\/\/radioclubedeinhapim.com.br\/index.php\/wp-json\/wp\/v2\/comments?post=8093"}],"version-history":[{"count":1,"href":"https:\/\/radioclubedeinhapim.com.br\/index.php\/wp-json\/wp\/v2\/posts\/8093\/revisions"}],"predecessor-version":[{"id":8095,"href":"https:\/\/radioclubedeinhapim.com.br\/index.php\/wp-json\/wp\/v2\/posts\/8093\/revisions\/8095"}],"wp:featuredmedia":[{"embeddable":true,"href":"https:\/\/radioclubedeinhapim.com.br\/index.php\/wp-json\/wp\/v2\/media\/8094"}],"wp:attachment":[{"href":"https:\/\/radioclubedeinhapim.com.br\/index.php\/wp-json\/wp\/v2\/media?parent=8093"}],"wp:term":[{"taxonomy":"category","embeddable":true,"href":"https:\/\/radioclubedeinhapim.com.br\/index.php\/wp-json\/wp\/v2\/categories?post=8093"},{"taxonomy":"post_tag","embeddable":true,"href":"https:\/\/radioclubedeinhapim.com.br\/index.php\/wp-json\/wp\/v2\/tags?post=8093"}],"curies":[{"name":"wp","href":"https:\/\/api.w.org\/{rel}","templated":true}]}}