{"id":8102,"date":"2025-12-03T10:28:00","date_gmt":"2025-12-03T13:28:00","guid":{"rendered":"https:\/\/radioclubedeinhapim.com.br\/?p=8102"},"modified":"2025-12-03T10:28:00","modified_gmt":"2025-12-03T13:28:00","slug":"mpmg-obtem-condenacao-por-homicidio-qualificado-que-vitimou-jose-rodrigues-da-silva-em-dom-cavati","status":"publish","type":"post","link":"https:\/\/radioclubedeinhapim.com.br\/index.php\/2025\/12\/03\/mpmg-obtem-condenacao-por-homicidio-qualificado-que-vitimou-jose-rodrigues-da-silva-em-dom-cavati\/","title":{"rendered":"MPMG obt\u00e9m condena\u00e7\u00e3o por homic\u00eddio qualificado que vitimou Jos\u00e9 Rodrigues da Silva em Dom Cavati"},"content":{"rendered":"\n<p>O Minist\u00e9rio P\u00fablico de Minas Gerais (MPMG), por meio da 2\u00aa Promotoria de Justi\u00e7a de Inhapim, informa que foi conclu\u00eddo, nesta ter\u00e7a-feira, 2 de dezembro de 2025, o julgamento de um homem, de 59 anos, acusado de matar Jos\u00e9 Rodrigues da Silva, de 55 anos, em crime cometido na zona rural de Dom Cavati. A sess\u00e3o do Tribunal do J\u00fari ocorreu no F\u00f3rum Anast\u00e1cio Chaves, na Comarca de Inhapim\/MG.<\/p>\n\n\n\n<p>De acordo com as investiga\u00e7\u00f5es e com a den\u00fancia apresentada pelo Minist\u00e9rio P\u00fablico, o crime ocorreu em 16 de fevereiro de 2025, no Bar do M\u00e1rcio Raio, localizado no C\u00f3rrego Volta Grande. Jos\u00e9 estava no estabelecimento acompanhado de sua namorada quando teve in\u00edcio um desentendimento ap\u00f3s ela derramar cerveja, em tom de brincadeira, sobre a esposa do acusado.<\/p>\n\n\n\n<p>Ap\u00f3s ordenar que o casal deixasse o local, o homem sacou uma arma de fogo e efetuou diversos disparos contra Jos\u00e9, atingindo-o seis vezes, conforme constatado na per\u00edcia. A v\u00edtima morreu ainda no local.<\/p>\n\n\n\n<p>Em seguida, o r\u00e9u se evadiu. Durante as dilig\u00eancias, a Pol\u00edcia Militar encontrou a resid\u00eancia do criminoso aberta e com sinais de prepara\u00e7\u00e3o para fuga, como portas e janelas destrancadas e animais devidamente alimentados.<\/p>\n\n\n\n<p>Submetido a julgamento pelo Tribunal do J\u00fari, o autor foi condenado a 22 anos e 6 meses, pelos crimes de homic\u00eddio qualificado, posse e porte ilegal de arma de fogo.<\/p>\n\n\n\n<p>O Minist\u00e9rio P\u00fablico de Minas Gerais reafirma seu compromisso com a defesa da vida, a promo\u00e7\u00e3o da justi\u00e7a e a responsabiliza\u00e7\u00e3o de autores de crimes dolosos contra a vida.<\/p>\n","protected":false},"excerpt":{"rendered":"<p>O Minist\u00e9rio P\u00fablico de Minas Gerais (MPMG), por meio da 2\u00aa Promotoria de Justi\u00e7a de Inhapim, informa que foi conclu\u00eddo, nesta ter\u00e7a-feira, 2 de dezembro de 2025, o julgamento de um homem, de 59 anos, acusado de matar Jos\u00e9 Rodrigues da Silva, de 55 anos, em crime cometido na zona rural de Dom Cavati. A [&hellip;]<\/p>\n","protected":false},"author":2,"featured_media":8103,"comment_status":"open","ping_status":"open","sticky":false,"template":"","format":"standard","meta":{"footnotes":""},"categories":[5],"tags":[],"class_list":["post-8102","post","type-post","status-publish","format-standard","has-post-thumbnail","hentry","category-noticias"],"wpmagazine_modules_lite_featured_media_urls":{"thumbnail":["https:\/\/radioclubedeinhapim.com.br\/wp-content\/uploads\/2025\/12\/Copia-de-Inserir-um-subtitulo-42-150x150.jpg",150,150,true],"cvmm-medium":["https:\/\/radioclubedeinhapim.com.br\/wp-content\/uploads\/2025\/12\/Copia-de-Inserir-um-subtitulo-42-300x300.jpg",300,300,true],"cvmm-medium-plus":["https:\/\/radioclubedeinhapim.com.br\/wp-content\/uploads\/2025\/12\/Copia-de-Inserir-um-subtitulo-42-305x207.jpg",305,207,true],"cvmm-portrait":["https:\/\/radioclubedeinhapim.com.br\/wp-content\/uploads\/2025\/12\/Copia-de-Inserir-um-subtitulo-42-400x600.jpg",400,600,true],"cvmm-medium-square":["https:\/\/radioclubedeinhapim.com.br\/wp-content\/uploads\/2025\/12\/Copia-de-Inserir-um-subtitulo-42-600x600.jpg",600,600,true],"cvmm-large":["https:\/\/radioclubedeinhapim.com.br\/wp-content\/uploads\/2025\/12\/Copia-de-Inserir-um-subtitulo-42-1024x1024.jpg",1024,1024,true],"cvmm-small":["https:\/\/radioclubedeinhapim.com.br\/wp-content\/uploads\/2025\/12\/Copia-de-Inserir-um-subtitulo-42-130x95.jpg",130,95,true],"full":["https:\/\/radioclubedeinhapim.com.br\/wp-content\/uploads\/2025\/12\/Copia-de-Inserir-um-subtitulo-42.jpg",1080,1080,false]},"categories_names":{"5":{"name":"Not\u00edcias","link":"https:\/\/radioclubedeinhapim.com.br\/index.php\/category\/noticias\/"}},"tags_names":[],"comments_number":"0","_links":{"self":[{"href":"https:\/\/radioclubedeinhapim.com.br\/index.php\/wp-json\/wp\/v2\/posts\/8102","targetHints":{"allow":["GET"]}}],"collection":[{"href":"https:\/\/radioclubedeinhapim.com.br\/index.php\/wp-json\/wp\/v2\/posts"}],"about":[{"href":"https:\/\/radioclubedeinhapim.com.br\/index.php\/wp-json\/wp\/v2\/types\/post"}],"author":[{"embeddable":true,"href":"https:\/\/radioclubedeinhapim.com.br\/index.php\/wp-json\/wp\/v2\/users\/2"}],"replies":[{"embeddable":true,"href":"https:\/\/radioclubedeinhapim.com.br\/index.php\/wp-json\/wp\/v2\/comments?post=8102"}],"version-history":[{"count":1,"href":"https:\/\/radioclubedeinhapim.com.br\/index.php\/wp-json\/wp\/v2\/posts\/8102\/revisions"}],"predecessor-version":[{"id":8104,"href":"https:\/\/radioclubedeinhapim.com.br\/index.php\/wp-json\/wp\/v2\/posts\/8102\/revisions\/8104"}],"wp:featuredmedia":[{"embeddable":true,"href":"https:\/\/radioclubedeinhapim.com.br\/index.php\/wp-json\/wp\/v2\/media\/8103"}],"wp:attachment":[{"href":"https:\/\/radioclubedeinhapim.com.br\/index.php\/wp-json\/wp\/v2\/media?parent=8102"}],"wp:term":[{"taxonomy":"category","embeddable":true,"href":"https:\/\/radioclubedeinhapim.com.br\/index.php\/wp-json\/wp\/v2\/categories?post=8102"},{"taxonomy":"post_tag","embeddable":true,"href":"https:\/\/radioclubedeinhapim.com.br\/index.php\/wp-json\/wp\/v2\/tags?post=8102"}],"curies":[{"name":"wp","href":"https:\/\/api.w.org\/{rel}","templated":true}]}}