{"id":8265,"date":"2025-12-13T10:43:52","date_gmt":"2025-12-13T13:43:52","guid":{"rendered":"https:\/\/radioclubedeinhapim.com.br\/?p=8265"},"modified":"2025-12-13T10:43:52","modified_gmt":"2025-12-13T13:43:52","slug":"aprovado-projeto-de-lei-marilia-mendonca-que-reconhece-a-importancia-do-sertanejo","status":"publish","type":"post","link":"https:\/\/radioclubedeinhapim.com.br\/index.php\/2025\/12\/13\/aprovado-projeto-de-lei-marilia-mendonca-que-reconhece-a-importancia-do-sertanejo\/","title":{"rendered":"Aprovado Projeto de Lei Mar\u00edlia Mendon\u00e7a, que reconhece a import\u00e2ncia do sertanejo"},"content":{"rendered":"\n<p><a><\/a>Foi aprovada na C\u00e2mara dos Deputados, nesta sexta-feira (12), o Projeto de Lei Mar\u00edlia Mendon\u00e7a, que reconhece a m\u00fasica caipira e sertaneja como manifesta\u00e7\u00f5es da cultura nacional. A proposta agora segue para o Senado, onde ser\u00e1 analisada e passar\u00e1 por nova vota\u00e7\u00e3o.<\/p>\n\n\n\n<p>O texto aprovado pelos parlamentares \u00e9 de autoria da deputada federal Fl\u00e1via Morais (PDT-GO), apresentado em novembro de 2023. A justificativa \u00e9 que a m\u00fasica \u00e9 uma express\u00e3o cultural que desempenha um papel fundamental na forma\u00e7\u00e3o da identidade de um povo e na preserva\u00e7\u00e3o de suas tradi\u00e7\u00f5es e hist\u00f3rias.<\/p>\n\n\n\n<p>De acordo com a proposta aprovada pela C\u00e2mara, a lei visa destacar a m\u00fasica caipira como uma manifesta\u00e7\u00e3o art\u00edstica que reflete a vida, os valores e as tradi\u00e7\u00f5es do povo brasileiro que vive no interior do pa\u00eds.<\/p>\n\n\n\n<p>Outro ponto citado no projeto \u00e9 garantir o incentivo ao ensino da viola caipira, como forma de dar continuidade \u00e0 tradi\u00e7\u00e3o musical caipira e sertaneja. &#8220;A viola \u00e9 um instrumento caracter\u00edstico desse g\u00eanero musical, e promover sua aprendizagem contribui para a transmiss\u00e3o do conhecimento e das t\u00e9cnicas necess\u00e1rias para a sua pr\u00e1tica&#8221;, diz o texto.<\/p>\n\n\n\n<p>O Projeto de Lei passou antes pela Comiss\u00e3o de Constitui\u00e7\u00e3o e Justi\u00e7a e de Cidadania. Caso o Senado aprove a lei, ela passar\u00e1 a valer a partir da sua publica\u00e7\u00e3o.<\/p>\n\n\n\n<p>Mar\u00edlia Mendon\u00e7a morreu em 5 de novembro de 2021, aos 26 anos, quando o avi\u00e3o em que estava caiu depois de atingir um cabo de energia em Piedade de Caratinga.<\/p>\n","protected":false},"excerpt":{"rendered":"<p>Foi aprovada na C\u00e2mara dos Deputados, nesta sexta-feira (12), o Projeto de Lei Mar\u00edlia Mendon\u00e7a, que reconhece a m\u00fasica caipira e sertaneja como manifesta\u00e7\u00f5es da cultura nacional. A proposta agora segue para o Senado, onde ser\u00e1 analisada e passar\u00e1 por nova vota\u00e7\u00e3o. O texto aprovado pelos parlamentares \u00e9 de autoria da deputada federal Fl\u00e1via Morais [&hellip;]<\/p>\n","protected":false},"author":2,"featured_media":8266,"comment_status":"open","ping_status":"open","sticky":false,"template":"","format":"standard","meta":{"footnotes":""},"categories":[5],"tags":[],"class_list":["post-8265","post","type-post","status-publish","format-standard","has-post-thumbnail","hentry","category-noticias"],"wpmagazine_modules_lite_featured_media_urls":{"thumbnail":["https:\/\/radioclubedeinhapim.com.br\/wp-content\/uploads\/2025\/12\/bb-2-150x150.jpg",150,150,true],"cvmm-medium":["https:\/\/radioclubedeinhapim.com.br\/wp-content\/uploads\/2025\/12\/bb-2-300x300.jpg",300,300,true],"cvmm-medium-plus":["https:\/\/radioclubedeinhapim.com.br\/wp-content\/uploads\/2025\/12\/bb-2-305x207.jpg",305,207,true],"cvmm-portrait":["https:\/\/radioclubedeinhapim.com.br\/wp-content\/uploads\/2025\/12\/bb-2-400x600.jpg",400,600,true],"cvmm-medium-square":["https:\/\/radioclubedeinhapim.com.br\/wp-content\/uploads\/2025\/12\/bb-2-600x600.jpg",600,600,true],"cvmm-large":["https:\/\/radioclubedeinhapim.com.br\/wp-content\/uploads\/2025\/12\/bb-2-1024x1024.jpg",1024,1024,true],"cvmm-small":["https:\/\/radioclubedeinhapim.com.br\/wp-content\/uploads\/2025\/12\/bb-2-130x95.jpg",130,95,true],"full":["https:\/\/radioclubedeinhapim.com.br\/wp-content\/uploads\/2025\/12\/bb-2.jpg",1080,1080,false]},"categories_names":{"5":{"name":"Not\u00edcias","link":"https:\/\/radioclubedeinhapim.com.br\/index.php\/category\/noticias\/"}},"tags_names":[],"comments_number":"0","_links":{"self":[{"href":"https:\/\/radioclubedeinhapim.com.br\/index.php\/wp-json\/wp\/v2\/posts\/8265","targetHints":{"allow":["GET"]}}],"collection":[{"href":"https:\/\/radioclubedeinhapim.com.br\/index.php\/wp-json\/wp\/v2\/posts"}],"about":[{"href":"https:\/\/radioclubedeinhapim.com.br\/index.php\/wp-json\/wp\/v2\/types\/post"}],"author":[{"embeddable":true,"href":"https:\/\/radioclubedeinhapim.com.br\/index.php\/wp-json\/wp\/v2\/users\/2"}],"replies":[{"embeddable":true,"href":"https:\/\/radioclubedeinhapim.com.br\/index.php\/wp-json\/wp\/v2\/comments?post=8265"}],"version-history":[{"count":1,"href":"https:\/\/radioclubedeinhapim.com.br\/index.php\/wp-json\/wp\/v2\/posts\/8265\/revisions"}],"predecessor-version":[{"id":8267,"href":"https:\/\/radioclubedeinhapim.com.br\/index.php\/wp-json\/wp\/v2\/posts\/8265\/revisions\/8267"}],"wp:featuredmedia":[{"embeddable":true,"href":"https:\/\/radioclubedeinhapim.com.br\/index.php\/wp-json\/wp\/v2\/media\/8266"}],"wp:attachment":[{"href":"https:\/\/radioclubedeinhapim.com.br\/index.php\/wp-json\/wp\/v2\/media?parent=8265"}],"wp:term":[{"taxonomy":"category","embeddable":true,"href":"https:\/\/radioclubedeinhapim.com.br\/index.php\/wp-json\/wp\/v2\/categories?post=8265"},{"taxonomy":"post_tag","embeddable":true,"href":"https:\/\/radioclubedeinhapim.com.br\/index.php\/wp-json\/wp\/v2\/tags?post=8265"}],"curies":[{"name":"wp","href":"https:\/\/api.w.org\/{rel}","templated":true}]}}