{"id":8285,"date":"2025-12-17T08:41:02","date_gmt":"2025-12-17T11:41:02","guid":{"rendered":"https:\/\/radioclubedeinhapim.com.br\/?p=8285"},"modified":"2025-12-17T08:41:02","modified_gmt":"2025-12-17T11:41:02","slug":"viatura-capota-durante-perseguicao-e-deixa-militares-feridos-em-lajinha","status":"publish","type":"post","link":"https:\/\/radioclubedeinhapim.com.br\/index.php\/2025\/12\/17\/viatura-capota-durante-perseguicao-e-deixa-militares-feridos-em-lajinha\/","title":{"rendered":"Viatura capota durante persegui\u00e7\u00e3o e deixa militares feridos em Lajinha"},"content":{"rendered":"\n<p>Uma viatura da Pol\u00edcia Militar capotou na manh\u00e3 desta ter\u00e7a-feira (16) durante uma opera\u00e7\u00e3o de fiscaliza\u00e7\u00e3o de tr\u00e2nsito em Lajinha, na Zona da Mata mineira. O acidente aconteceu enquanto os policiais perseguiam um motociclista que desobedeceu a uma ordem de parada e fugiu em dire\u00e7\u00e3o ao bairro Honorato.<\/p>\n\n\n\n<p>De acordo com a PM, durante o deslocamento pela Rua Macana\u00edba, a viatura deslizou em um trecho com lama, perdeu a ader\u00eancia e acabou capotando em uma ribanceira.<\/p>\n\n\n\n<p>Os quatro militares que estavam no ve\u00edculo foram socorridos com a ajuda de moradores da regi\u00e3o e de outra guarni\u00e7\u00e3o policial. Os nomes e idades n\u00e3o foram divulgados.<\/p>\n\n\n\n<p>Um dos policiais sofreu fratura na clav\u00edcula e foi encaminhado ao Hospital C\u00e9sar Leite, em Manhua\u00e7u, para atendimento especializado. Os outros tr\u00eas tiveram les\u00f5es leves e escoria\u00e7\u00f5es, foram avaliados no pronto-socorro local e liberados.<\/p>\n\n\n\n<p>A per\u00edcia da Pol\u00edcia Civil foi acionada para realizar os levantamentos no local do acidente. A viatura teve danos generalizados.<\/p>\n\n\n\n<p>A Pol\u00edcia Militar informou que ap\u00f3s o acidente, seguiu acompanhando o estado de sa\u00fade dos policiais envolvidos.<\/p>\n","protected":false},"excerpt":{"rendered":"<p>Uma viatura da Pol\u00edcia Militar capotou na manh\u00e3 desta ter\u00e7a-feira (16) durante uma opera\u00e7\u00e3o de fiscaliza\u00e7\u00e3o de tr\u00e2nsito em Lajinha, na Zona da Mata mineira. O acidente aconteceu enquanto os policiais perseguiam um motociclista que desobedeceu a uma ordem de parada e fugiu em dire\u00e7\u00e3o ao bairro Honorato. De acordo com a PM, durante o [&hellip;]<\/p>\n","protected":false},"author":2,"featured_media":8286,"comment_status":"open","ping_status":"open","sticky":false,"template":"","format":"standard","meta":{"footnotes":""},"categories":[5],"tags":[],"class_list":["post-8285","post","type-post","status-publish","format-standard","has-post-thumbnail","hentry","category-noticias"],"wpmagazine_modules_lite_featured_media_urls":{"thumbnail":["https:\/\/radioclubedeinhapim.com.br\/wp-content\/uploads\/2025\/12\/Copia-de-Inserir-um-subtitulo-84-150x150.jpg",150,150,true],"cvmm-medium":["https:\/\/radioclubedeinhapim.com.br\/wp-content\/uploads\/2025\/12\/Copia-de-Inserir-um-subtitulo-84-300x300.jpg",300,300,true],"cvmm-medium-plus":["https:\/\/radioclubedeinhapim.com.br\/wp-content\/uploads\/2025\/12\/Copia-de-Inserir-um-subtitulo-84-305x207.jpg",305,207,true],"cvmm-portrait":["https:\/\/radioclubedeinhapim.com.br\/wp-content\/uploads\/2025\/12\/Copia-de-Inserir-um-subtitulo-84-400x600.jpg",400,600,true],"cvmm-medium-square":["https:\/\/radioclubedeinhapim.com.br\/wp-content\/uploads\/2025\/12\/Copia-de-Inserir-um-subtitulo-84-600x600.jpg",600,600,true],"cvmm-large":["https:\/\/radioclubedeinhapim.com.br\/wp-content\/uploads\/2025\/12\/Copia-de-Inserir-um-subtitulo-84-1024x1024.jpg",1024,1024,true],"cvmm-small":["https:\/\/radioclubedeinhapim.com.br\/wp-content\/uploads\/2025\/12\/Copia-de-Inserir-um-subtitulo-84-130x95.jpg",130,95,true],"full":["https:\/\/radioclubedeinhapim.com.br\/wp-content\/uploads\/2025\/12\/Copia-de-Inserir-um-subtitulo-84.jpg",1080,1080,false]},"categories_names":{"5":{"name":"Not\u00edcias","link":"https:\/\/radioclubedeinhapim.com.br\/index.php\/category\/noticias\/"}},"tags_names":[],"comments_number":"0","_links":{"self":[{"href":"https:\/\/radioclubedeinhapim.com.br\/index.php\/wp-json\/wp\/v2\/posts\/8285","targetHints":{"allow":["GET"]}}],"collection":[{"href":"https:\/\/radioclubedeinhapim.com.br\/index.php\/wp-json\/wp\/v2\/posts"}],"about":[{"href":"https:\/\/radioclubedeinhapim.com.br\/index.php\/wp-json\/wp\/v2\/types\/post"}],"author":[{"embeddable":true,"href":"https:\/\/radioclubedeinhapim.com.br\/index.php\/wp-json\/wp\/v2\/users\/2"}],"replies":[{"embeddable":true,"href":"https:\/\/radioclubedeinhapim.com.br\/index.php\/wp-json\/wp\/v2\/comments?post=8285"}],"version-history":[{"count":1,"href":"https:\/\/radioclubedeinhapim.com.br\/index.php\/wp-json\/wp\/v2\/posts\/8285\/revisions"}],"predecessor-version":[{"id":8287,"href":"https:\/\/radioclubedeinhapim.com.br\/index.php\/wp-json\/wp\/v2\/posts\/8285\/revisions\/8287"}],"wp:featuredmedia":[{"embeddable":true,"href":"https:\/\/radioclubedeinhapim.com.br\/index.php\/wp-json\/wp\/v2\/media\/8286"}],"wp:attachment":[{"href":"https:\/\/radioclubedeinhapim.com.br\/index.php\/wp-json\/wp\/v2\/media?parent=8285"}],"wp:term":[{"taxonomy":"category","embeddable":true,"href":"https:\/\/radioclubedeinhapim.com.br\/index.php\/wp-json\/wp\/v2\/categories?post=8285"},{"taxonomy":"post_tag","embeddable":true,"href":"https:\/\/radioclubedeinhapim.com.br\/index.php\/wp-json\/wp\/v2\/tags?post=8285"}],"curies":[{"name":"wp","href":"https:\/\/api.w.org\/{rel}","templated":true}]}}