{"id":8366,"date":"2025-12-22T09:16:40","date_gmt":"2025-12-22T12:16:40","guid":{"rendered":"https:\/\/radioclubedeinhapim.com.br\/?p=8366"},"modified":"2025-12-22T09:16:40","modified_gmt":"2025-12-22T12:16:40","slug":"falta-do-uso-do-cinto-de-seguranca-ja-matou-118-pessoas-em-minas-gerais-neste-ano","status":"publish","type":"post","link":"https:\/\/radioclubedeinhapim.com.br\/index.php\/2025\/12\/22\/falta-do-uso-do-cinto-de-seguranca-ja-matou-118-pessoas-em-minas-gerais-neste-ano\/","title":{"rendered":"Falta do uso do cinto de seguran\u00e7a j\u00e1 matou 118 pessoas em Minas Gerais neste ano"},"content":{"rendered":"\n<p>De janeiro a novembro deste ano, 118 pessoas morreram em acidentes de tr\u00e2nsito em Minas Gerais por n\u00e3o utilizarem o cinto de seguran\u00e7a. Os dados s\u00e3o de um levantamento da Pol\u00edcia Rodovi\u00e1ria Federal (PRF).<\/p>\n\n\n\n<p>Em entrevista \u00e0 Itatiaia, o coordenador-geral de seguran\u00e7a vi\u00e1ria da PRF, Jefferson Almeida, destacou a import\u00e2ncia do uso do cinto por todos os ocupantes do ve\u00edculo. Segundo ele, o passageiro que n\u00e3o utiliza o equipamento acaba se transformando em um \u201cproj\u00e9til humano\u201d em caso de colis\u00e3o.<\/p>\n\n\n\n<p>\u201cEm uma batida ou colis\u00e3o, ele pode atingir violentamente outros ocupantes, especialmente quem est\u00e1 no banco da frente. H\u00e1 registros de motoristas e passageiros dianteiros que morreram ou sofreram les\u00f5es fatais ao serem atingidos por pessoas que estavam soltas no banco traseiro\u201d, explicou.<\/p>\n\n\n\n<p>Em rela\u00e7\u00e3o aos ferimentos, o coordenador destacou que os mais comuns v\u00e3o do traumatismo craniano a les\u00f5es na coluna.<\/p>\n\n\n\n<p>\u201cOs ferimentos mais comuns incluem traumatismo craniano, les\u00f5es cervicais e na coluna. Em casos mais graves, a morte \u00e9 imediata.\u201d De acordo com a PRF, sem o uso do cinto, a gravidade das les\u00f5es aumenta exponencialmente.<\/p>\n\n\n\n<p>O agente da PRF refor\u00e7ou que o cinto de seguran\u00e7a \u00e9 obrigat\u00f3rio e essencial em todos os assentos do ve\u00edculo.<\/p>\n\n\n\n<p>\u201cPassageiros que viajam no banco traseiro sem o equipamento correm alto risco de se ferirem gravemente e ainda colocam em perigo quem est\u00e1 \u00e0 frente.\u201d O banco traseiro, segundo a PRF, n\u00e3o \u00e9 um local seguro para ocupantes que estejam sem o cinto.<\/p>\n\n\n\n<p>Conforme o artigo 167 do C\u00f3digo de Tr\u00e2nsito Brasileiro, deixar de usar o cinto \u00e9 considerado infra\u00e7\u00e3o grave, pun\u00edvel com multa e perda de cinco pontos na Carteira Nacional de Habilita\u00e7\u00e3o (CNH). As autoridades lembram ainda que o condutor \u00e9 o respons\u00e1vel legal por garantir que todos os passageiros estejam utilizando corretamente o dispositivo de seguran\u00e7a.<\/p>\n","protected":false},"excerpt":{"rendered":"<p>De janeiro a novembro deste ano, 118 pessoas morreram em acidentes de tr\u00e2nsito em Minas Gerais por n\u00e3o utilizarem o cinto de seguran\u00e7a. Os dados s\u00e3o de um levantamento da Pol\u00edcia Rodovi\u00e1ria Federal (PRF). Em entrevista \u00e0 Itatiaia, o coordenador-geral de seguran\u00e7a vi\u00e1ria da PRF, Jefferson Almeida, destacou a import\u00e2ncia do uso do cinto por [&hellip;]<\/p>\n","protected":false},"author":2,"featured_media":8367,"comment_status":"open","ping_status":"open","sticky":false,"template":"","format":"standard","meta":{"footnotes":""},"categories":[5],"tags":[],"class_list":["post-8366","post","type-post","status-publish","format-standard","has-post-thumbnail","hentry","category-noticias"],"wpmagazine_modules_lite_featured_media_urls":{"thumbnail":["https:\/\/radioclubedeinhapim.com.br\/wp-content\/uploads\/2025\/12\/Copia-de-Inserir-um-subtitulo-2025-12-22T091855.467-150x150.jpg",150,150,true],"cvmm-medium":["https:\/\/radioclubedeinhapim.com.br\/wp-content\/uploads\/2025\/12\/Copia-de-Inserir-um-subtitulo-2025-12-22T091855.467-300x300.jpg",300,300,true],"cvmm-medium-plus":["https:\/\/radioclubedeinhapim.com.br\/wp-content\/uploads\/2025\/12\/Copia-de-Inserir-um-subtitulo-2025-12-22T091855.467-305x207.jpg",305,207,true],"cvmm-portrait":["https:\/\/radioclubedeinhapim.com.br\/wp-content\/uploads\/2025\/12\/Copia-de-Inserir-um-subtitulo-2025-12-22T091855.467-400x600.jpg",400,600,true],"cvmm-medium-square":["https:\/\/radioclubedeinhapim.com.br\/wp-content\/uploads\/2025\/12\/Copia-de-Inserir-um-subtitulo-2025-12-22T091855.467-600x600.jpg",600,600,true],"cvmm-large":["https:\/\/radioclubedeinhapim.com.br\/wp-content\/uploads\/2025\/12\/Copia-de-Inserir-um-subtitulo-2025-12-22T091855.467-1024x1024.jpg",1024,1024,true],"cvmm-small":["https:\/\/radioclubedeinhapim.com.br\/wp-content\/uploads\/2025\/12\/Copia-de-Inserir-um-subtitulo-2025-12-22T091855.467-130x95.jpg",130,95,true],"full":["https:\/\/radioclubedeinhapim.com.br\/wp-content\/uploads\/2025\/12\/Copia-de-Inserir-um-subtitulo-2025-12-22T091855.467.jpg",1080,1080,false]},"categories_names":{"5":{"name":"Not\u00edcias","link":"https:\/\/radioclubedeinhapim.com.br\/index.php\/category\/noticias\/"}},"tags_names":[],"comments_number":"0","_links":{"self":[{"href":"https:\/\/radioclubedeinhapim.com.br\/index.php\/wp-json\/wp\/v2\/posts\/8366","targetHints":{"allow":["GET"]}}],"collection":[{"href":"https:\/\/radioclubedeinhapim.com.br\/index.php\/wp-json\/wp\/v2\/posts"}],"about":[{"href":"https:\/\/radioclubedeinhapim.com.br\/index.php\/wp-json\/wp\/v2\/types\/post"}],"author":[{"embeddable":true,"href":"https:\/\/radioclubedeinhapim.com.br\/index.php\/wp-json\/wp\/v2\/users\/2"}],"replies":[{"embeddable":true,"href":"https:\/\/radioclubedeinhapim.com.br\/index.php\/wp-json\/wp\/v2\/comments?post=8366"}],"version-history":[{"count":1,"href":"https:\/\/radioclubedeinhapim.com.br\/index.php\/wp-json\/wp\/v2\/posts\/8366\/revisions"}],"predecessor-version":[{"id":8368,"href":"https:\/\/radioclubedeinhapim.com.br\/index.php\/wp-json\/wp\/v2\/posts\/8366\/revisions\/8368"}],"wp:featuredmedia":[{"embeddable":true,"href":"https:\/\/radioclubedeinhapim.com.br\/index.php\/wp-json\/wp\/v2\/media\/8367"}],"wp:attachment":[{"href":"https:\/\/radioclubedeinhapim.com.br\/index.php\/wp-json\/wp\/v2\/media?parent=8366"}],"wp:term":[{"taxonomy":"category","embeddable":true,"href":"https:\/\/radioclubedeinhapim.com.br\/index.php\/wp-json\/wp\/v2\/categories?post=8366"},{"taxonomy":"post_tag","embeddable":true,"href":"https:\/\/radioclubedeinhapim.com.br\/index.php\/wp-json\/wp\/v2\/tags?post=8366"}],"curies":[{"name":"wp","href":"https:\/\/api.w.org\/{rel}","templated":true}]}}