{"id":8380,"date":"2025-12-23T12:28:37","date_gmt":"2025-12-23T15:28:37","guid":{"rendered":"https:\/\/radioclubedeinhapim.com.br\/?p=8380"},"modified":"2025-12-23T12:28:37","modified_gmt":"2025-12-23T15:28:37","slug":"mpmg-recomenda-evento-equestre-em-santo-antonio-do-grama-somente-apos-medidas-legais-de-protecao-animal","status":"publish","type":"post","link":"https:\/\/radioclubedeinhapim.com.br\/index.php\/2025\/12\/23\/mpmg-recomenda-evento-equestre-em-santo-antonio-do-grama-somente-apos-medidas-legais-de-protecao-animal\/","title":{"rendered":"MPMG recomenda evento equestre em Santo Ant\u00f4nio do Grama somente ap\u00f3s medidas legais de prote\u00e7\u00e3o animal"},"content":{"rendered":"\n<p>O Minist\u00e9rio P\u00fablico de Minas Gerais (MPMG) expediu recomenda\u00e7\u00e3o ao prefeito de Santo Ant\u00f4nio do Grama, na Zona da Mata, e aos organizadores do evento \u201cEncontro de Cavaleiro e Charreteiro\u201d, previsto para janeiro de 2026. A medida tem como objetivo assegurar o cumprimento das normas de bem-estar animal e prevenir pr\u00e1ticas que possam configurar maus-tratos.<\/p>\n\n\n\n<p>De acordo com o documento, cavalgadas, romarias e passeios equestres s\u00e3o classificados pelo Instituto Mineiro de Agropecu\u00e1ria (IMA) como eventos pecu\u00e1rios, estando sujeitos a exig\u00eancias sanit\u00e1rias, t\u00e9cnicas e de manejo espec\u00edficas.<\/p>\n\n\n\n<p>A recomenda\u00e7\u00e3o aponta que a realiza\u00e7\u00e3o desse tipo de evento depende de autoriza\u00e7\u00e3o do IMA e da concess\u00e3o de alvar\u00e1 municipal. Para isso, devem ser cumpridos requisitos legais, como apresenta\u00e7\u00e3o de atestado de vacina\u00e7\u00e3o dos equinos contra influenza equina, contrata\u00e7\u00e3o de m\u00e9dico-veterin\u00e1rio respons\u00e1vel, registro da entidade organizadora junto ao IMA e atendimento \u00e0s normas sanit\u00e1rias vigentes.<\/p>\n\n\n\n<p>Segundo a Promotoria de Justi\u00e7a, cabe ao prefeito garantir a ado\u00e7\u00e3o de todas as medidas necess\u00e1rias ao bem-estar dos animais e \u00e0 seguran\u00e7a dos participantes, sendo vedada a concess\u00e3o do alvar\u00e1 sem a comprova\u00e7\u00e3o do atendimento \u00e0s exig\u00eancias legais e t\u00e9cnicas.<\/p>\n\n\n\n<p>Em rela\u00e7\u00e3o aos organizadores, o MPMG recomenda a inscri\u00e7\u00e3o pr\u00e9via dos participantes, a comunica\u00e7\u00e3o do evento \u00e0s autoridades competentes e a indica\u00e7\u00e3o formal de respons\u00e1vel t\u00e9cnico. Durante o percurso, deve ser garantida hidrata\u00e7\u00e3o adequada dos animais e a retirada imediata de equinos com sinais de fadiga ou ferimentos.<\/p>\n\n\n\n<p>O documento determina ainda que sejam impedidos de continuar no evento animais com ferimentos graves, exaust\u00e3o, queda de rendimento ou altera\u00e7\u00f5es cardiorrespirat\u00f3rias, bem como aqueles conduzidos por cavaleiros em vis\u00edvel estado de embriaguez.<\/p>\n\n\n\n<p>O promotor de Justi\u00e7a Guilherme Lincoln Rocha Pereira ressaltou que o Poder P\u00fablico n\u00e3o pode fomentar atividades que caracterizem maus-tratos. A recomenda\u00e7\u00e3o foi encaminhada oficial sim<\/p>\n","protected":false},"excerpt":{"rendered":"<p>O Minist\u00e9rio P\u00fablico de Minas Gerais (MPMG) expediu recomenda\u00e7\u00e3o ao prefeito de Santo Ant\u00f4nio do Grama, na Zona da Mata, e aos organizadores do evento \u201cEncontro de Cavaleiro e Charreteiro\u201d, previsto para janeiro de 2026. A medida tem como objetivo assegurar o cumprimento das normas de bem-estar animal e prevenir pr\u00e1ticas que possam configurar maus-tratos. [&hellip;]<\/p>\n","protected":false},"author":2,"featured_media":8381,"comment_status":"open","ping_status":"open","sticky":false,"template":"","format":"standard","meta":{"footnotes":""},"categories":[5],"tags":[],"class_list":["post-8380","post","type-post","status-publish","format-standard","has-post-thumbnail","hentry","category-noticias"],"wpmagazine_modules_lite_featured_media_urls":{"thumbnail":["https:\/\/radioclubedeinhapim.com.br\/wp-content\/uploads\/2025\/12\/Copia-de-Inserir-um-subtitulo-2025-12-23T102316.747-150x150.jpg",150,150,true],"cvmm-medium":["https:\/\/radioclubedeinhapim.com.br\/wp-content\/uploads\/2025\/12\/Copia-de-Inserir-um-subtitulo-2025-12-23T102316.747-300x300.jpg",300,300,true],"cvmm-medium-plus":["https:\/\/radioclubedeinhapim.com.br\/wp-content\/uploads\/2025\/12\/Copia-de-Inserir-um-subtitulo-2025-12-23T102316.747-305x207.jpg",305,207,true],"cvmm-portrait":["https:\/\/radioclubedeinhapim.com.br\/wp-content\/uploads\/2025\/12\/Copia-de-Inserir-um-subtitulo-2025-12-23T102316.747-400x600.jpg",400,600,true],"cvmm-medium-square":["https:\/\/radioclubedeinhapim.com.br\/wp-content\/uploads\/2025\/12\/Copia-de-Inserir-um-subtitulo-2025-12-23T102316.747-600x600.jpg",600,600,true],"cvmm-large":["https:\/\/radioclubedeinhapim.com.br\/wp-content\/uploads\/2025\/12\/Copia-de-Inserir-um-subtitulo-2025-12-23T102316.747-1024x1024.jpg",1024,1024,true],"cvmm-small":["https:\/\/radioclubedeinhapim.com.br\/wp-content\/uploads\/2025\/12\/Copia-de-Inserir-um-subtitulo-2025-12-23T102316.747-130x95.jpg",130,95,true],"full":["https:\/\/radioclubedeinhapim.com.br\/wp-content\/uploads\/2025\/12\/Copia-de-Inserir-um-subtitulo-2025-12-23T102316.747.jpg",1080,1080,false]},"categories_names":{"5":{"name":"Not\u00edcias","link":"https:\/\/radioclubedeinhapim.com.br\/index.php\/category\/noticias\/"}},"tags_names":[],"comments_number":"0","_links":{"self":[{"href":"https:\/\/radioclubedeinhapim.com.br\/index.php\/wp-json\/wp\/v2\/posts\/8380","targetHints":{"allow":["GET"]}}],"collection":[{"href":"https:\/\/radioclubedeinhapim.com.br\/index.php\/wp-json\/wp\/v2\/posts"}],"about":[{"href":"https:\/\/radioclubedeinhapim.com.br\/index.php\/wp-json\/wp\/v2\/types\/post"}],"author":[{"embeddable":true,"href":"https:\/\/radioclubedeinhapim.com.br\/index.php\/wp-json\/wp\/v2\/users\/2"}],"replies":[{"embeddable":true,"href":"https:\/\/radioclubedeinhapim.com.br\/index.php\/wp-json\/wp\/v2\/comments?post=8380"}],"version-history":[{"count":1,"href":"https:\/\/radioclubedeinhapim.com.br\/index.php\/wp-json\/wp\/v2\/posts\/8380\/revisions"}],"predecessor-version":[{"id":8382,"href":"https:\/\/radioclubedeinhapim.com.br\/index.php\/wp-json\/wp\/v2\/posts\/8380\/revisions\/8382"}],"wp:featuredmedia":[{"embeddable":true,"href":"https:\/\/radioclubedeinhapim.com.br\/index.php\/wp-json\/wp\/v2\/media\/8381"}],"wp:attachment":[{"href":"https:\/\/radioclubedeinhapim.com.br\/index.php\/wp-json\/wp\/v2\/media?parent=8380"}],"wp:term":[{"taxonomy":"category","embeddable":true,"href":"https:\/\/radioclubedeinhapim.com.br\/index.php\/wp-json\/wp\/v2\/categories?post=8380"},{"taxonomy":"post_tag","embeddable":true,"href":"https:\/\/radioclubedeinhapim.com.br\/index.php\/wp-json\/wp\/v2\/tags?post=8380"}],"curies":[{"name":"wp","href":"https:\/\/api.w.org\/{rel}","templated":true}]}}