{"id":8391,"date":"2025-12-23T16:14:28","date_gmt":"2025-12-23T19:14:28","guid":{"rendered":"https:\/\/radioclubedeinhapim.com.br\/?p=8391"},"modified":"2025-12-23T16:14:28","modified_gmt":"2025-12-23T19:14:28","slug":"crianca-e-atropelada-por-caminhao-e-motorista-embriagado-e-detido-por-moradores-em-ipatinga","status":"publish","type":"post","link":"https:\/\/radioclubedeinhapim.com.br\/index.php\/2025\/12\/23\/crianca-e-atropelada-por-caminhao-e-motorista-embriagado-e-detido-por-moradores-em-ipatinga\/","title":{"rendered":"Crian\u00e7a \u00e9 atropelada por caminh\u00e3o e motorista embriagado \u00e9 detido por moradores em Ipatinga"},"content":{"rendered":"\n<p>Uma crian\u00e7a de 9 anos foi atropelada por um caminh\u00e3o na noite desta segunda-feira (22), no bairro Esperan\u00e7a, em Ipatinga, no Leste de Minas. Segundo a Pol\u00edcia Militar, o motorista tentou fugir ap\u00f3s o acidente, mas foi contido por testemunhas que estavam nas proximidades.<\/p>\n\n\n\n<p>No local, havia grande aglomera\u00e7\u00e3o, com pessoas tentando segurar o condutor e outras tentando agredi-lo. De acordo com os militares, o homem apresentava sinais claros de embriaguez, como h\u00e1lito et\u00edlico, fala desconexa e andar cambaleante. Ele admitiu ter ingerido bebida alco\u00f3lica, mas recusou o teste do baf\u00f4metro.<\/p>\n\n\n\n<p>O motorista foi preso em flagrante pelos crimes de conduzir ve\u00edculo sob influ\u00eancia de \u00e1lcool, abandono de local de acidente, omiss\u00e3o de socorro e les\u00e3o corporal. Ao tentar explicar o ocorrido, demonstrou confus\u00e3o mental, aparentemente devido ao estado de embriaguez.<\/p>\n\n\n\n<p>Conforme informa\u00e7\u00f5es colhidas no local, a v\u00edtima descia a via de bicicleta com outras crian\u00e7as quando foi prensada entre um ve\u00edculo estacionado e o caminh\u00e3o. Ela foi socorrida por uma equipe de urg\u00eancia e encaminhada ao hospital, onde recebeu atendimento m\u00e9dico. Exames indicaram les\u00e3o no joelho, sem fraturas aparentes, mas foram solicitados exames complementares.<\/p>\n\n\n\n<p>A per\u00edcia t\u00e9cnica esteve no local, realizou os trabalhos e liberou a \u00e1rea. O caminh\u00e3o ficou sob responsabilidade de um familiar do condutor.<\/p>\n","protected":false},"excerpt":{"rendered":"<p>Uma crian\u00e7a de 9 anos foi atropelada por um caminh\u00e3o na noite desta segunda-feira (22), no bairro Esperan\u00e7a, em Ipatinga, no Leste de Minas. Segundo a Pol\u00edcia Militar, o motorista tentou fugir ap\u00f3s o acidente, mas foi contido por testemunhas que estavam nas proximidades. No local, havia grande aglomera\u00e7\u00e3o, com pessoas tentando segurar o condutor [&hellip;]<\/p>\n","protected":false},"author":2,"featured_media":8392,"comment_status":"open","ping_status":"open","sticky":false,"template":"","format":"standard","meta":{"footnotes":""},"categories":[5],"tags":[],"class_list":["post-8391","post","type-post","status-publish","format-standard","has-post-thumbnail","hentry","category-noticias"],"wpmagazine_modules_lite_featured_media_urls":{"thumbnail":["https:\/\/radioclubedeinhapim.com.br\/wp-content\/uploads\/2025\/12\/Copia-de-Inserir-um-subtitulo-2025-12-23T161520.280-150x150.jpg",150,150,true],"cvmm-medium":["https:\/\/radioclubedeinhapim.com.br\/wp-content\/uploads\/2025\/12\/Copia-de-Inserir-um-subtitulo-2025-12-23T161520.280-300x300.jpg",300,300,true],"cvmm-medium-plus":["https:\/\/radioclubedeinhapim.com.br\/wp-content\/uploads\/2025\/12\/Copia-de-Inserir-um-subtitulo-2025-12-23T161520.280-305x207.jpg",305,207,true],"cvmm-portrait":["https:\/\/radioclubedeinhapim.com.br\/wp-content\/uploads\/2025\/12\/Copia-de-Inserir-um-subtitulo-2025-12-23T161520.280-400x600.jpg",400,600,true],"cvmm-medium-square":["https:\/\/radioclubedeinhapim.com.br\/wp-content\/uploads\/2025\/12\/Copia-de-Inserir-um-subtitulo-2025-12-23T161520.280-600x600.jpg",600,600,true],"cvmm-large":["https:\/\/radioclubedeinhapim.com.br\/wp-content\/uploads\/2025\/12\/Copia-de-Inserir-um-subtitulo-2025-12-23T161520.280-1024x1024.jpg",1024,1024,true],"cvmm-small":["https:\/\/radioclubedeinhapim.com.br\/wp-content\/uploads\/2025\/12\/Copia-de-Inserir-um-subtitulo-2025-12-23T161520.280-130x95.jpg",130,95,true],"full":["https:\/\/radioclubedeinhapim.com.br\/wp-content\/uploads\/2025\/12\/Copia-de-Inserir-um-subtitulo-2025-12-23T161520.280.jpg",1080,1080,false]},"categories_names":{"5":{"name":"Not\u00edcias","link":"https:\/\/radioclubedeinhapim.com.br\/index.php\/category\/noticias\/"}},"tags_names":[],"comments_number":"0","_links":{"self":[{"href":"https:\/\/radioclubedeinhapim.com.br\/index.php\/wp-json\/wp\/v2\/posts\/8391","targetHints":{"allow":["GET"]}}],"collection":[{"href":"https:\/\/radioclubedeinhapim.com.br\/index.php\/wp-json\/wp\/v2\/posts"}],"about":[{"href":"https:\/\/radioclubedeinhapim.com.br\/index.php\/wp-json\/wp\/v2\/types\/post"}],"author":[{"embeddable":true,"href":"https:\/\/radioclubedeinhapim.com.br\/index.php\/wp-json\/wp\/v2\/users\/2"}],"replies":[{"embeddable":true,"href":"https:\/\/radioclubedeinhapim.com.br\/index.php\/wp-json\/wp\/v2\/comments?post=8391"}],"version-history":[{"count":1,"href":"https:\/\/radioclubedeinhapim.com.br\/index.php\/wp-json\/wp\/v2\/posts\/8391\/revisions"}],"predecessor-version":[{"id":8393,"href":"https:\/\/radioclubedeinhapim.com.br\/index.php\/wp-json\/wp\/v2\/posts\/8391\/revisions\/8393"}],"wp:featuredmedia":[{"embeddable":true,"href":"https:\/\/radioclubedeinhapim.com.br\/index.php\/wp-json\/wp\/v2\/media\/8392"}],"wp:attachment":[{"href":"https:\/\/radioclubedeinhapim.com.br\/index.php\/wp-json\/wp\/v2\/media?parent=8391"}],"wp:term":[{"taxonomy":"category","embeddable":true,"href":"https:\/\/radioclubedeinhapim.com.br\/index.php\/wp-json\/wp\/v2\/categories?post=8391"},{"taxonomy":"post_tag","embeddable":true,"href":"https:\/\/radioclubedeinhapim.com.br\/index.php\/wp-json\/wp\/v2\/tags?post=8391"}],"curies":[{"name":"wp","href":"https:\/\/api.w.org\/{rel}","templated":true}]}}