{"id":8394,"date":"2025-12-23T16:23:45","date_gmt":"2025-12-23T19:23:45","guid":{"rendered":"https:\/\/radioclubedeinhapim.com.br\/?p=8394"},"modified":"2025-12-23T16:23:45","modified_gmt":"2025-12-23T19:23:45","slug":"moraes-autoriza-cirurgia-de-bolsonaro-no-natal-ex-presidente-sera-internado-na-quarta","status":"publish","type":"post","link":"https:\/\/radioclubedeinhapim.com.br\/index.php\/2025\/12\/23\/moraes-autoriza-cirurgia-de-bolsonaro-no-natal-ex-presidente-sera-internado-na-quarta\/","title":{"rendered":"Moraes autoriza cirurgia de Bolsonaro no Natal; ex-presidente ser\u00e1 internado na quarta"},"content":{"rendered":"\n<p>O ministro Alexandre de Moraes, do Supremo Tribunal Federal (STF), autorizou nesta ter\u00e7a-feira (23) que Jair Bolsonaro seja internado e passe por uma cirurgia na quinta-feira (25) para tratar um quadro de h\u00e9rnia inguinal.<\/p>\n\n\n\n<p>Segundo a determina\u00e7\u00e3o, o ex-presidente ser\u00e1 internado na quarta-feira (24) para iniciar os procedimentos pr\u00e9-operat\u00f3rios e a cirurgia ser\u00e1 na quinta.<\/p>\n\n\n\n<p>Bolsonaro deve passar por um procedimento cir\u00fargico para tratar um quadro de h\u00e9rnia inguinal bilateral e de crises de solu\u00e7o. Segundo a equipe m\u00e9dica da PF, trata-se de uma cirurgia eletiva, ou seja, n\u00e3o \u00e9 de urg\u00eancia, mas \u00e9 importante para evitar o agravamento da situa\u00e7\u00e3o m\u00e9dica (entenda mais abaixo).<\/p>\n\n\n\n<p>A h\u00e9rnia inguinal (tamb\u00e9m chamada h\u00e9rnia na virilha) acontece quando os tecidos do interior do abd\u00f4men saem por um ponto fraco da parede muscular abdominal formando uma esp\u00e9cie de abaulamento no local. Quando isso ocorre dos dois lados, ela \u00e9 chamada de bilateral.<\/p>\n\n\n\n<p>Moraes autorizou apenas que a mulher de Bolsonaro, Michelle, seja a acompanhante do ex-presidente durante o procedimento.<\/p>\n\n\n\n<p>No pedido, a defesa chegou a solicitar que os dois filhos Fl\u00e1vio e Carlos Bolsonaro tamb\u00e9m fossem autorizados a visit\u00e1-lo como acompanhantes secund\u00e1rios. O pedido foi negado.<\/p>\n\n\n\n<p>Per\u00edcia da PF<br>Bolsonaro passou por uma per\u00edcia m\u00e9dica realizada pelo Instituto Nacional de Criminal\u00edstica da Pol\u00edcia Federal, que concluiu que o ex-presidente tem h\u00e9rnia inguinal bilateral \u2013 um problema que afeta os dois lados da regi\u00e3o da virilha \u2013 e precisaria de interven\u00e7\u00e3o cir\u00fargica.<\/p>\n\n\n\n<p>Segundo o laudo, a cirurgia \u00e9 considerada eletiva, ou seja, n\u00e3o se trata de um caso de urg\u00eancia ou emerg\u00eancia. Ainda assim, os peritos recomendaram que o procedimento fosse realizado &#8220;o mais breve poss\u00edvel&#8221;, para evitar agravamento do quadro.<\/p>\n\n\n\n<p>A per\u00edcia avaliou que houve &#8220;piora progressiva&#8221; do quadro de h\u00e9rnia de Bolsonaro, provavelmente causado pelo &#8220;aumento da press\u00e3o intra-abdominal decorrente dos solu\u00e7os e da tosse cr\u00f4nica&#8221;.<br>A autoriza\u00e7\u00e3o para a cirurgia foi concedida pelo ministro do Supremo Tribunal Federal (STF) Alexandre de Moraes na \u00faltima quinta-feira (19).<\/p>\n","protected":false},"excerpt":{"rendered":"<p>O ministro Alexandre de Moraes, do Supremo Tribunal Federal (STF), autorizou nesta ter\u00e7a-feira (23) que Jair Bolsonaro seja internado e passe por uma cirurgia na quinta-feira (25) para tratar um quadro de h\u00e9rnia inguinal. Segundo a determina\u00e7\u00e3o, o ex-presidente ser\u00e1 internado na quarta-feira (24) para iniciar os procedimentos pr\u00e9-operat\u00f3rios e a cirurgia ser\u00e1 na quinta. [&hellip;]<\/p>\n","protected":false},"author":2,"featured_media":8395,"comment_status":"open","ping_status":"open","sticky":false,"template":"","format":"standard","meta":{"footnotes":""},"categories":[5],"tags":[],"class_list":["post-8394","post","type-post","status-publish","format-standard","has-post-thumbnail","hentry","category-noticias"],"wpmagazine_modules_lite_featured_media_urls":{"thumbnail":["https:\/\/radioclubedeinhapim.com.br\/wp-content\/uploads\/2025\/12\/Copia-de-Inserir-um-subtitulo-2025-12-23T162017.186-150x150.jpg",150,150,true],"cvmm-medium":["https:\/\/radioclubedeinhapim.com.br\/wp-content\/uploads\/2025\/12\/Copia-de-Inserir-um-subtitulo-2025-12-23T162017.186-300x300.jpg",300,300,true],"cvmm-medium-plus":["https:\/\/radioclubedeinhapim.com.br\/wp-content\/uploads\/2025\/12\/Copia-de-Inserir-um-subtitulo-2025-12-23T162017.186-305x207.jpg",305,207,true],"cvmm-portrait":["https:\/\/radioclubedeinhapim.com.br\/wp-content\/uploads\/2025\/12\/Copia-de-Inserir-um-subtitulo-2025-12-23T162017.186-400x600.jpg",400,600,true],"cvmm-medium-square":["https:\/\/radioclubedeinhapim.com.br\/wp-content\/uploads\/2025\/12\/Copia-de-Inserir-um-subtitulo-2025-12-23T162017.186-600x600.jpg",600,600,true],"cvmm-large":["https:\/\/radioclubedeinhapim.com.br\/wp-content\/uploads\/2025\/12\/Copia-de-Inserir-um-subtitulo-2025-12-23T162017.186-1024x1024.jpg",1024,1024,true],"cvmm-small":["https:\/\/radioclubedeinhapim.com.br\/wp-content\/uploads\/2025\/12\/Copia-de-Inserir-um-subtitulo-2025-12-23T162017.186-130x95.jpg",130,95,true],"full":["https:\/\/radioclubedeinhapim.com.br\/wp-content\/uploads\/2025\/12\/Copia-de-Inserir-um-subtitulo-2025-12-23T162017.186.jpg",1080,1080,false]},"categories_names":{"5":{"name":"Not\u00edcias","link":"https:\/\/radioclubedeinhapim.com.br\/index.php\/category\/noticias\/"}},"tags_names":[],"comments_number":"0","_links":{"self":[{"href":"https:\/\/radioclubedeinhapim.com.br\/index.php\/wp-json\/wp\/v2\/posts\/8394","targetHints":{"allow":["GET"]}}],"collection":[{"href":"https:\/\/radioclubedeinhapim.com.br\/index.php\/wp-json\/wp\/v2\/posts"}],"about":[{"href":"https:\/\/radioclubedeinhapim.com.br\/index.php\/wp-json\/wp\/v2\/types\/post"}],"author":[{"embeddable":true,"href":"https:\/\/radioclubedeinhapim.com.br\/index.php\/wp-json\/wp\/v2\/users\/2"}],"replies":[{"embeddable":true,"href":"https:\/\/radioclubedeinhapim.com.br\/index.php\/wp-json\/wp\/v2\/comments?post=8394"}],"version-history":[{"count":1,"href":"https:\/\/radioclubedeinhapim.com.br\/index.php\/wp-json\/wp\/v2\/posts\/8394\/revisions"}],"predecessor-version":[{"id":8396,"href":"https:\/\/radioclubedeinhapim.com.br\/index.php\/wp-json\/wp\/v2\/posts\/8394\/revisions\/8396"}],"wp:featuredmedia":[{"embeddable":true,"href":"https:\/\/radioclubedeinhapim.com.br\/index.php\/wp-json\/wp\/v2\/media\/8395"}],"wp:attachment":[{"href":"https:\/\/radioclubedeinhapim.com.br\/index.php\/wp-json\/wp\/v2\/media?parent=8394"}],"wp:term":[{"taxonomy":"category","embeddable":true,"href":"https:\/\/radioclubedeinhapim.com.br\/index.php\/wp-json\/wp\/v2\/categories?post=8394"},{"taxonomy":"post_tag","embeddable":true,"href":"https:\/\/radioclubedeinhapim.com.br\/index.php\/wp-json\/wp\/v2\/tags?post=8394"}],"curies":[{"name":"wp","href":"https:\/\/api.w.org\/{rel}","templated":true}]}}